{"id":39038,"date":"2021-06-23T21:46:04","date_gmt":"2021-06-24T00:46:04","guid":{"rendered":"http:\/\/vocesparalelas.com.ar\/sitio\/?p=39038"},"modified":"2021-06-25T02:37:16","modified_gmt":"2021-06-25T05:37:16","slug":"el-operativo-de-vacunacion-en-el-cuim-cambia-su-sede-a-la-iglesia-evangelica-el-jueves-24-de-junio","status":"publish","type":"post","link":"https:\/\/vocesparalelas.com.ar\/sitio\/el-operativo-de-vacunacion-en-el-cuim-cambia-su-sede-a-la-iglesia-evangelica-el-jueves-24-de-junio\/","title":{"rendered":"El operativo de vacunaci\u00f3n en el CUIM cambia su sede a la Iglesia Evang\u00e9lica el Jueves, 24 de Junio"},"content":{"rendered":"<p>El Ministerio de Salud P\u00fablica del Gobierno de San Juan informa que debido a la elecci\u00f3n de autoridades en la UNSJ, el Jueves, 24 de Junio se traslada la sede de vacunaci\u00f3n.<\/p>\n<p>Las personas que tienen turno para la inoculaci\u00f3n de la vacuna contra el COVID-19 en la sede del Complejo Universitario Islas Malvinas &#8211; CUIM &#8211; ubicado en Rivadavia, deben trasladarse a la Iglesia Evang\u00e9lica, Meglioli 552 &#8211; S &#8211; , en el horario asignado.<\/p>\n<p>El operativo se desarrolla en esta sede en el horario de 8 a 12, por lo que se solicita a quienes pueden asistir a la inmunizaci\u00f3n contra el COVID-19 por demanda espont\u00e1nea para 1\u00b0 dosis, esto es mayores de 60, 70 y 80 a\u00f1os, que se acerquen a la Iglesia Evang\u00e9lica o bien asistan el viernes al CUIM, d\u00eda en que continuar\u00e1 el operativo con normalidad en esta sede.<\/p>\n<p><img loading=\"lazy\" decoding=\"async\" class=\"alignnone wp-image-39041 size-full\" src=\"https:\/\/vocesparalelas.com.ar\/sitio\/wp-content\/uploads\/2021\/06\/CUIM-02.jpg\" alt=\"\" width=\"800\" height=\"600\" srcset=\"https:\/\/vocesparalelas.com.ar\/sitio\/wp-content\/uploads\/2021\/06\/CUIM-02.jpg 800w, https:\/\/vocesparalelas.com.ar\/sitio\/wp-content\/uploads\/2021\/06\/CUIM-02-300x225.jpg 300w, https:\/\/vocesparalelas.com.ar\/sitio\/wp-content\/uploads\/2021\/06\/CUIM-02-768x576.jpg 768w\" sizes=\"auto, (max-width: 800px) 100vw, 800px\" \/><\/p>\n<p>&nbsp;<\/p>\n","protected":false},"excerpt":{"rendered":"<p>El Ministerio de Salud P\u00fablica del Gobierno de San Juan informa que debido a la elecci\u00f3n de autoridades en la<\/p>\n","protected":false},"author":3,"featured_media":39040,"comment_status":"closed","ping_status":"closed","sticky":false,"template":"","format":"standard","meta":{"_acf_changed":false,"_seopress_robots_primary_cat":"none","_seopress_titles_title":"","_seopress_titles_desc":"","_seopress_robots_index":"","colormag_page_container_layout":"default_layout","colormag_page_sidebar_layout":"default_layout","footnotes":""},"categories":[1],"tags":[],"class_list":["post-39038","post","type-post","status-publish","format-standard","has-post-thumbnail","hentry","category-destacadas"],"acf":[],"_links":{"self":[{"href":"https:\/\/vocesparalelas.com.ar\/sitio\/wp-json\/wp\/v2\/posts\/39038","targetHints":{"allow":["GET"]}}],"collection":[{"href":"https:\/\/vocesparalelas.com.ar\/sitio\/wp-json\/wp\/v2\/posts"}],"about":[{"href":"https:\/\/vocesparalelas.com.ar\/sitio\/wp-json\/wp\/v2\/types\/post"}],"author":[{"embeddable":true,"href":"https:\/\/vocesparalelas.com.ar\/sitio\/wp-json\/wp\/v2\/users\/3"}],"replies":[{"embeddable":true,"href":"https:\/\/vocesparalelas.com.ar\/sitio\/wp-json\/wp\/v2\/comments?post=39038"}],"version-history":[{"count":1,"href":"https:\/\/vocesparalelas.com.ar\/sitio\/wp-json\/wp\/v2\/posts\/39038\/revisions"}],"predecessor-version":[{"id":39042,"href":"https:\/\/vocesparalelas.com.ar\/sitio\/wp-json\/wp\/v2\/posts\/39038\/revisions\/39042"}],"wp:featuredmedia":[{"embeddable":true,"href":"https:\/\/vocesparalelas.com.ar\/sitio\/wp-json\/wp\/v2\/media\/39040"}],"wp:attachment":[{"href":"https:\/\/vocesparalelas.com.ar\/sitio\/wp-json\/wp\/v2\/media?parent=39038"}],"wp:term":[{"taxonomy":"category","embeddable":true,"href":"https:\/\/vocesparalelas.com.ar\/sitio\/wp-json\/wp\/v2\/categories?post=39038"},{"taxonomy":"post_tag","embeddable":true,"href":"https:\/\/vocesparalelas.com.ar\/sitio\/wp-json\/wp\/v2\/tags?post=39038"}],"curies":[{"name":"wp","href":"https:\/\/api.w.org\/{rel}","templated":true}]}}