{"id":39026,"date":"2021-06-23T21:36:44","date_gmt":"2021-06-24T00:36:44","guid":{"rendered":"http:\/\/vocesparalelas.com.ar\/sitio\/?p=39026"},"modified":"2021-06-23T22:35:23","modified_gmt":"2021-06-24T01:35:23","slug":"firmaron-convenios-de-asistencia-y-cooperacion-para-la-capacitacion-y-actualizacion-tecnologica-de-docentes-y-alumnos","status":"publish","type":"post","link":"https:\/\/vocesparalelas.com.ar\/sitio\/firmaron-convenios-de-asistencia-y-cooperacion-para-la-capacitacion-y-actualizacion-tecnologica-de-docentes-y-alumnos\/","title":{"rendered":"Firmaron convenios de asistencia y cooperaci\u00f3n para la capacitaci\u00f3n y actualizaci\u00f3n tecnol\u00f3gica de docentes y alumnos"},"content":{"rendered":"<p>En la jornada del Mi\u00e9rcoles, 3 de Junio, el ministro de Educaci\u00f3n del Gobierno de San Juan, Lic. Felipe De Los R\u00edos, firm\u00f3 convenios de asistencia y cooperaci\u00f3n con la Fundaci\u00f3n Se\u00f1or Gonz\u00e1lez, representada por su presidente Jos\u00e9 Luis Gonz\u00e1lez y el CEO Eduardo Savastano.<\/p>\n<p>Del encuentro adem\u00e1s participaron el director de Educaci\u00f3n T\u00e9cnica y Formaci\u00f3n Profesional, Orlando Blanchero y funcionarios de la cartera educativa<\/p>\n<p>Jos\u00e9 Luis Gonz\u00e1lez agradeci\u00f3 la participaci\u00f3n en la formaci\u00f3n profesional de los estudiantes sanjuaninos; el CEO de la Fundaci\u00f3n Se\u00f1or Gonz\u00e1lez, Eduardo Savastano, expres\u00f3 que \u00abla Fundaci\u00f3n Gonz\u00e1lez tras m\u00e1s de dos d\u00e9cadas de trabajo agradece a la comunidad el espacio dado a sus empresas, con la convicci\u00f3n de que la mejora de la sociedad se hace con el aporte de cada uno desde su lugar y es lo que intentamos\u201d.<\/p>\n<p>Luego agreg\u00f3 Savastano que \u00abel esp\u00edritu de la Fundaci\u00f3n es pensar en las futuras generaciones, como gran parte de las empresas son tecnol\u00f3gicas con inserci\u00f3n nacional e internacional, por lo que el prop\u00f3sito es contribuir a la formaci\u00f3n t\u00e9cnica de Nivel Medio y Superior para posibilitar la inserci\u00f3n laboral de los j\u00f3venes. Es por eso que agradecemos al ministro de Educaci\u00f3n que nos abra las puertas para poder colaborar. Es por esto que firmamos este convenio. Y tambi\u00e9n un acta acuerdo que nos permitir\u00e1 trabajar con las Aulas Taller M\u00f3viles que se instalar\u00e1n en nuestro predio. Esto permitir\u00e1 el aprendizaje de los j\u00f3venes para la mejora de su formaci\u00f3n profesional con nuestros profesionales sumado a los profesores de alto nivel con los que cuenta el ministerio y la tecnolog\u00eda de punta de nuestras empresas\u00bb.<\/p>\n<p>El ministro de Educaci\u00f3n, Lic. Felipe De Los R\u00edos, por su parte, puso en valor esta experiencia destacando que \u00abel conocimiento intelectual, el esp\u00edritu emprendedor, la creatividad, innovaci\u00f3n es lo que genera el verdadero capital humano en un pa\u00eds y es lo que llamamos la econom\u00eda del conocimiento. La mejora de equipamiento en las escuelas la hemos logrado con cr\u00e9ditos fiscales. Hoy con este convenio damos un paso mayor en la provincia. Estrechamos lazos con esta Fundaci\u00f3n que permitir\u00e1 la capacitaci\u00f3n de los empleados, docentes y de los alumnos. Adem\u00e1s de la llegada de equipamiento para que pueden ejercitarse. A trav\u00e9s de las Aulas M\u00f3viles podr\u00e1n capacitarse a trav\u00e9s de habilidades y capacidades a trav\u00e9s del sistema asistem\u00e1tico. Van aprender en de los requerimientos reales del mundo laboral con la tecnolog\u00eda de avanzada\u201d.<\/p>\n<p>El convenio de asistencia y cooperaci\u00f3n busca fortalecer actividades y fines de car\u00e1cter cultural, t\u00e9cnico, cient\u00edfico, de investigaci\u00f3n b\u00e1sica, art\u00edstico, deportivo, pr\u00e1cticas profesionalizantes. Adem\u00e1s del uso de las instalaci\u00f3n de Aulas Taller M\u00f3viles &#8211; ATM &#8211; para la capacitaci\u00f3n, formaci\u00f3n, actualizaci\u00f3n tecnol\u00f3gica del personal docente, capacidad emprendedora de los estudiantes, y toda persona que tengan por objeto el desarrollo organizado y sistem\u00e1tico de sus aptitudes y capacidades.<\/p>\n<p>A trav\u00e9s de las Aulas Taller M\u00f3vil &#8211; ATM &#8211; y\/o Aula Sat\u00e9lite, se desarrollar\u00e1n cursos de Mec\u00e1nica y automotores, Soldadura, Plegado, entre otras actividades de formaci\u00f3n profesional. Las unidades m\u00f3viles se ubicar\u00e1n en las instalaciones de la Fundaci\u00f3n Se\u00f1or Gonz\u00e1lez.<\/p>\n<p>&nbsp;<\/p>\n<p>&nbsp;<\/p>\n","protected":false},"excerpt":{"rendered":"<p>En la jornada del Mi\u00e9rcoles, 3 de Junio, el ministro de Educaci\u00f3n del Gobierno de San Juan, Lic. Felipe De<\/p>\n","protected":false},"author":3,"featured_media":39028,"comment_status":"closed","ping_status":"closed","sticky":false,"template":"","format":"standard","meta":{"_acf_changed":false,"_seopress_robots_primary_cat":"none","_seopress_titles_title":"","_seopress_titles_desc":"","_seopress_robots_index":"","colormag_page_container_layout":"default_layout","colormag_page_sidebar_layout":"default_layout","footnotes":""},"categories":[1],"tags":[],"class_list":["post-39026","post","type-post","status-publish","format-standard","has-post-thumbnail","hentry","category-destacadas"],"acf":[],"_links":{"self":[{"href":"https:\/\/vocesparalelas.com.ar\/sitio\/wp-json\/wp\/v2\/posts\/39026","targetHints":{"allow":["GET"]}}],"collection":[{"href":"https:\/\/vocesparalelas.com.ar\/sitio\/wp-json\/wp\/v2\/posts"}],"about":[{"href":"https:\/\/vocesparalelas.com.ar\/sitio\/wp-json\/wp\/v2\/types\/post"}],"author":[{"embeddable":true,"href":"https:\/\/vocesparalelas.com.ar\/sitio\/wp-json\/wp\/v2\/users\/3"}],"replies":[{"embeddable":true,"href":"https:\/\/vocesparalelas.com.ar\/sitio\/wp-json\/wp\/v2\/comments?post=39026"}],"version-history":[{"count":1,"href":"https:\/\/vocesparalelas.com.ar\/sitio\/wp-json\/wp\/v2\/posts\/39026\/revisions"}],"predecessor-version":[{"id":39029,"href":"https:\/\/vocesparalelas.com.ar\/sitio\/wp-json\/wp\/v2\/posts\/39026\/revisions\/39029"}],"wp:featuredmedia":[{"embeddable":true,"href":"https:\/\/vocesparalelas.com.ar\/sitio\/wp-json\/wp\/v2\/media\/39028"}],"wp:attachment":[{"href":"https:\/\/vocesparalelas.com.ar\/sitio\/wp-json\/wp\/v2\/media?parent=39026"}],"wp:term":[{"taxonomy":"category","embeddable":true,"href":"https:\/\/vocesparalelas.com.ar\/sitio\/wp-json\/wp\/v2\/categories?post=39026"},{"taxonomy":"post_tag","embeddable":true,"href":"https:\/\/vocesparalelas.com.ar\/sitio\/wp-json\/wp\/v2\/tags?post=39026"}],"curies":[{"name":"wp","href":"https:\/\/api.w.org\/{rel}","templated":true}]}}