{"id":39019,"date":"2021-06-23T16:02:22","date_gmt":"2021-06-23T19:02:22","guid":{"rendered":"http:\/\/vocesparalelas.com.ar\/sitio\/?p=39019"},"modified":"2021-06-23T16:02:22","modified_gmt":"2021-06-23T19:02:22","slug":"distincion-al-presidente-de-la-fundacion-banco-san-juan-ing-enrique-eskenazi-por-su-aporte-a-la-educacion-y-la-cultura","status":"publish","type":"post","link":"https:\/\/vocesparalelas.com.ar\/sitio\/distincion-al-presidente-de-la-fundacion-banco-san-juan-ing-enrique-eskenazi-por-su-aporte-a-la-educacion-y-la-cultura\/","title":{"rendered":"Distinci\u00f3n al presidente de la Fundaci\u00f3n Banco San Juan Ing. Enrique Eskenazi por su aporte a la educaci\u00f3n y la cultura"},"content":{"rendered":"<p>El Mi\u00e9rcoles, 23 de Junio, en Casa de Gobierno, el gobernador de San Juan, Dr. Sergio U\u00f1ac, en nombre del pueblo y Gobierno de San Juan entreg\u00f3 una distinci\u00f3n al Ing. Enrique Eskenazi, fundador y actual presidente de la Fundaci\u00f3n Banco San Juan.<\/p>\n<p>El reconocimiento al Ing. Eskenazi est\u00e1 motivado por su larga trayectoria en la promoci\u00f3n de la excelencia en la educaci\u00f3n y la cultura de la provincia en l\u00ednea con los valores sarmientinos.<\/p>\n<p><img loading=\"lazy\" decoding=\"async\" class=\"alignnone wp-image-39022 size-full\" src=\"https:\/\/vocesparalelas.com.ar\/sitio\/wp-content\/uploads\/2021\/06\/SAN-JUAN-PREMIO-02.jpg\" alt=\"\" width=\"800\" height=\"500\" srcset=\"https:\/\/vocesparalelas.com.ar\/sitio\/wp-content\/uploads\/2021\/06\/SAN-JUAN-PREMIO-02.jpg 800w, https:\/\/vocesparalelas.com.ar\/sitio\/wp-content\/uploads\/2021\/06\/SAN-JUAN-PREMIO-02-300x188.jpg 300w, https:\/\/vocesparalelas.com.ar\/sitio\/wp-content\/uploads\/2021\/06\/SAN-JUAN-PREMIO-02-768x480.jpg 768w\" sizes=\"auto, (max-width: 800px) 100vw, 800px\" \/><\/p>\n<p>La distinci\u00f3n entregada por el primer mandatario es una medalla de la plata con la efigie de Domingo Faustino Sarmiento y el Escudo de la Provincia en el dorso.<\/p>\n<p>La Fundaci\u00f3n Banco San Juan, fundada y presidida por Ing. Enrique Eskenazi, promueve la excelencia en la educaci\u00f3n y la cultura de la provincia de San Juan, impulsando la investigaci\u00f3n e innovaci\u00f3n tecnol\u00f3gica, fomentando las artes, fortaleciendo establecimientos educativos, becando a estudiantes y capacitando a docentes para profundizar el crecimiento de nuestro pa\u00eds.<\/p>\n<p>Participaron adem\u00e1s en el acto, el vicegobernador CPN Roberto Gattoni; la ministra de Hacienda y Finanzas, CPN Marisa L\u00f3pez; el presidente del Banco San Juan; Sebasti\u00e1n Eskenazi; el director del Banco San Juan, Ing. Ezequiel Eskenazi; Ra\u00fal Catapano, director del BSJ y la gerenta general de la entidad bancaria, CPN Silvina Bellantig.<\/p>\n<p>&nbsp;<\/p>\n","protected":false},"excerpt":{"rendered":"<p>El Mi\u00e9rcoles, 23 de Junio, en Casa de Gobierno, el gobernador de San Juan, Dr. Sergio U\u00f1ac, en nombre del<\/p>\n","protected":false},"author":3,"featured_media":39021,"comment_status":"closed","ping_status":"closed","sticky":false,"template":"","format":"standard","meta":{"_acf_changed":false,"_seopress_robots_primary_cat":"none","_seopress_titles_title":"","_seopress_titles_desc":"","_seopress_robots_index":"","colormag_page_container_layout":"default_layout","colormag_page_sidebar_layout":"default_layout","footnotes":""},"categories":[1],"tags":[],"class_list":["post-39019","post","type-post","status-publish","format-standard","has-post-thumbnail","hentry","category-destacadas"],"acf":[],"_links":{"self":[{"href":"https:\/\/vocesparalelas.com.ar\/sitio\/wp-json\/wp\/v2\/posts\/39019","targetHints":{"allow":["GET"]}}],"collection":[{"href":"https:\/\/vocesparalelas.com.ar\/sitio\/wp-json\/wp\/v2\/posts"}],"about":[{"href":"https:\/\/vocesparalelas.com.ar\/sitio\/wp-json\/wp\/v2\/types\/post"}],"author":[{"embeddable":true,"href":"https:\/\/vocesparalelas.com.ar\/sitio\/wp-json\/wp\/v2\/users\/3"}],"replies":[{"embeddable":true,"href":"https:\/\/vocesparalelas.com.ar\/sitio\/wp-json\/wp\/v2\/comments?post=39019"}],"version-history":[{"count":1,"href":"https:\/\/vocesparalelas.com.ar\/sitio\/wp-json\/wp\/v2\/posts\/39019\/revisions"}],"predecessor-version":[{"id":39023,"href":"https:\/\/vocesparalelas.com.ar\/sitio\/wp-json\/wp\/v2\/posts\/39019\/revisions\/39023"}],"wp:featuredmedia":[{"embeddable":true,"href":"https:\/\/vocesparalelas.com.ar\/sitio\/wp-json\/wp\/v2\/media\/39021"}],"wp:attachment":[{"href":"https:\/\/vocesparalelas.com.ar\/sitio\/wp-json\/wp\/v2\/media?parent=39019"}],"wp:term":[{"taxonomy":"category","embeddable":true,"href":"https:\/\/vocesparalelas.com.ar\/sitio\/wp-json\/wp\/v2\/categories?post=39019"},{"taxonomy":"post_tag","embeddable":true,"href":"https:\/\/vocesparalelas.com.ar\/sitio\/wp-json\/wp\/v2\/tags?post=39019"}],"curies":[{"name":"wp","href":"https:\/\/api.w.org\/{rel}","templated":true}]}}