{"id":39003,"date":"2021-06-23T13:28:20","date_gmt":"2021-06-23T16:28:20","guid":{"rendered":"http:\/\/vocesparalelas.com.ar\/sitio\/?p=39003"},"modified":"2021-06-23T13:38:42","modified_gmt":"2021-06-23T16:38:42","slug":"el-medio-aguinaldo-del-personal-de-la-unsj-disponible-el-jueves-24-de-junio","status":"publish","type":"post","link":"https:\/\/vocesparalelas.com.ar\/sitio\/el-medio-aguinaldo-del-personal-de-la-unsj-disponible-el-jueves-24-de-junio\/","title":{"rendered":"El Medio aguinaldo del personal de la UNSJ disponible el Jueves, 24 de Junio"},"content":{"rendered":"<p>El secretario administrativo-financiero de la Universidad Nacional de San Juan, CPN Pablo Pad\u00edn, inform\u00f3 que \u201cma\u00f1ana Jueves, 24 de Junio est\u00e1 disponibles en las cuentas de los agentes de la universidad, los haberes correspondientes al primer medio aguinaldo de 2021\u201d.<\/p>\n<p>Pad\u00edn destac\u00f3 y agradeci\u00f3 \u201cel esfuerzo y la predisposici\u00f3n de todo el personal del \u00e1rea Administrativo-Financiera, para poder cumplir el calendario de pagos que se hab\u00eda fijado, pese a las restricciones de personal impuestas por la situaci\u00f3n sanitaria\u201d.<\/p>\n<p>Al mismo tiempo, agradeci\u00f3 la buena disposici\u00f3n de directivos y personal del Banco Naci\u00f3n, que \u201ctambi\u00e9n hicieron su aporte para que las y los trabajadores universitarios tengan ma\u00f1ana jueves el medio aguinaldo disponible.\u201d<\/p>\n<p>Publicado el 23 de Junio de 2021<\/p>\n<blockquote class=\"wp-embedded-content\" data-secret=\"6xL94EmPyI\"><p><a href=\"https:\/\/vocesparalelas.com.ar\/sitio\/hacer-dano-a-la-comunidad-universitaria-de-la-unsj-es-imperdonable\/\">Hacer da\u00f1o a la comunidad universitaria de la UNSJ es imperdonable<\/a><\/p><\/blockquote>\n<p><iframe loading=\"lazy\" class=\"wp-embedded-content\" sandbox=\"allow-scripts\" security=\"restricted\" style=\"position: absolute; clip: rect(1px, 1px, 1px, 1px);\" title=\"\u00abHacer da\u00f1o a la comunidad universitaria de la UNSJ es imperdonable\u00bb \u2014 Voces Paralelas\" src=\"https:\/\/vocesparalelas.com.ar\/sitio\/hacer-dano-a-la-comunidad-universitaria-de-la-unsj-es-imperdonable\/embed\/#?secret=6xL94EmPyI\" data-secret=\"6xL94EmPyI\" width=\"600\" height=\"338\" frameborder=\"0\" marginwidth=\"0\" marginheight=\"0\" scrolling=\"no\"><\/iframe><\/p>\n<p>&nbsp;<\/p>\n","protected":false},"excerpt":{"rendered":"<p>El secretario administrativo-financiero de la Universidad Nacional de San Juan, CPN Pablo Pad\u00edn, inform\u00f3 que \u201cma\u00f1ana Jueves, 24 de Junio<\/p>\n","protected":false},"author":3,"featured_media":37900,"comment_status":"closed","ping_status":"closed","sticky":false,"template":"","format":"standard","meta":{"_acf_changed":false,"_seopress_robots_primary_cat":"none","_seopress_titles_title":"","_seopress_titles_desc":"","_seopress_robots_index":"","colormag_page_container_layout":"default_layout","colormag_page_sidebar_layout":"default_layout","footnotes":""},"categories":[1],"tags":[],"class_list":["post-39003","post","type-post","status-publish","format-standard","has-post-thumbnail","hentry","category-destacadas"],"acf":[],"_links":{"self":[{"href":"https:\/\/vocesparalelas.com.ar\/sitio\/wp-json\/wp\/v2\/posts\/39003","targetHints":{"allow":["GET"]}}],"collection":[{"href":"https:\/\/vocesparalelas.com.ar\/sitio\/wp-json\/wp\/v2\/posts"}],"about":[{"href":"https:\/\/vocesparalelas.com.ar\/sitio\/wp-json\/wp\/v2\/types\/post"}],"author":[{"embeddable":true,"href":"https:\/\/vocesparalelas.com.ar\/sitio\/wp-json\/wp\/v2\/users\/3"}],"replies":[{"embeddable":true,"href":"https:\/\/vocesparalelas.com.ar\/sitio\/wp-json\/wp\/v2\/comments?post=39003"}],"version-history":[{"count":4,"href":"https:\/\/vocesparalelas.com.ar\/sitio\/wp-json\/wp\/v2\/posts\/39003\/revisions"}],"predecessor-version":[{"id":39008,"href":"https:\/\/vocesparalelas.com.ar\/sitio\/wp-json\/wp\/v2\/posts\/39003\/revisions\/39008"}],"wp:featuredmedia":[{"embeddable":true,"href":"https:\/\/vocesparalelas.com.ar\/sitio\/wp-json\/wp\/v2\/media\/37900"}],"wp:attachment":[{"href":"https:\/\/vocesparalelas.com.ar\/sitio\/wp-json\/wp\/v2\/media?parent=39003"}],"wp:term":[{"taxonomy":"category","embeddable":true,"href":"https:\/\/vocesparalelas.com.ar\/sitio\/wp-json\/wp\/v2\/categories?post=39003"},{"taxonomy":"post_tag","embeddable":true,"href":"https:\/\/vocesparalelas.com.ar\/sitio\/wp-json\/wp\/v2\/tags?post=39003"}],"curies":[{"name":"wp","href":"https:\/\/api.w.org\/{rel}","templated":true}]}}