{"id":38997,"date":"2021-06-22T23:56:58","date_gmt":"2021-06-23T02:56:58","guid":{"rendered":"http:\/\/vocesparalelas.com.ar\/sitio\/?p=38997"},"modified":"2021-06-22T23:57:48","modified_gmt":"2021-06-23T02:57:48","slug":"historia-ingenieria-y-genero-relatos-sobre-mujeres-de-la-facultad-de-ingenieria","status":"publish","type":"post","link":"https:\/\/vocesparalelas.com.ar\/sitio\/historia-ingenieria-y-genero-relatos-sobre-mujeres-de-la-facultad-de-ingenieria\/","title":{"rendered":"\u00abHistoria, Ingenier\u00eda y G\u00e9nero: relatos sobre mujeres de la Facultad de Ingenier\u00eda\u00bb"},"content":{"rendered":"<p>Transmisi\u00f3n en vivo del Proyecto de Investigaci\u00f3n y Creaci\u00f3n: \u00abHistoria, Ingenier\u00eda y G\u00e9nero: relatos sobre mujeres de la Facultad de Ingenier\u00eda\u00bb, el 23 de Junio, a las 18 hs. y dan a conocer esta propuesta de investigaci\u00f3n y creaci\u00f3n.<\/p>\n<p>En el D\u00eda Internacional de la Mujer en la Ingenier\u00eda, el equipo del proyecto \u00abHistoria, Ingenier\u00eda y G\u00e9nero: relatos sobre mujeres de la Facultad de Ingenier\u00eda\u00bb transmite en vivo a trav\u00e9s de sus redes sociales.<\/p>\n<p>El proyecto y la transmisi\u00f3n de muchos de los relatos que emergen como resultado de esta iniciativa tienen como objetivo poner en valor el rol de las mujeres en la ingenier\u00eda, conjuntamente con la comunidad.<\/p>\n<p>&nbsp;<\/p>\n<p><img loading=\"lazy\" decoding=\"async\" class=\"alignnone wp-image-38999 size-full\" src=\"https:\/\/vocesparalelas.com.ar\/sitio\/wp-content\/uploads\/2021\/06\/fi-mujeres-01.jpg\" alt=\"\" width=\"800\" height=\"1000\" srcset=\"https:\/\/vocesparalelas.com.ar\/sitio\/wp-content\/uploads\/2021\/06\/fi-mujeres-01.jpg 800w, https:\/\/vocesparalelas.com.ar\/sitio\/wp-content\/uploads\/2021\/06\/fi-mujeres-01-240x300.jpg 240w, https:\/\/vocesparalelas.com.ar\/sitio\/wp-content\/uploads\/2021\/06\/fi-mujeres-01-640x800.jpg 640w, https:\/\/vocesparalelas.com.ar\/sitio\/wp-content\/uploads\/2021\/06\/fi-mujeres-01-768x960.jpg 768w\" sizes=\"auto, (max-width: 800px) 100vw, 800px\" \/><\/p>\n","protected":false},"excerpt":{"rendered":"<p>Transmisi\u00f3n en vivo del Proyecto de Investigaci\u00f3n y Creaci\u00f3n: \u00abHistoria, Ingenier\u00eda y G\u00e9nero: relatos sobre mujeres de la Facultad de<\/p>\n","protected":false},"author":3,"featured_media":39000,"comment_status":"closed","ping_status":"closed","sticky":false,"template":"","format":"standard","meta":{"_acf_changed":false,"_seopress_robots_primary_cat":"none","_seopress_titles_title":"","_seopress_titles_desc":"","_seopress_robots_index":"","colormag_page_container_layout":"default_layout","colormag_page_sidebar_layout":"default_layout","footnotes":""},"categories":[1],"tags":[],"class_list":["post-38997","post","type-post","status-publish","format-standard","has-post-thumbnail","hentry","category-destacadas"],"acf":[],"_links":{"self":[{"href":"https:\/\/vocesparalelas.com.ar\/sitio\/wp-json\/wp\/v2\/posts\/38997","targetHints":{"allow":["GET"]}}],"collection":[{"href":"https:\/\/vocesparalelas.com.ar\/sitio\/wp-json\/wp\/v2\/posts"}],"about":[{"href":"https:\/\/vocesparalelas.com.ar\/sitio\/wp-json\/wp\/v2\/types\/post"}],"author":[{"embeddable":true,"href":"https:\/\/vocesparalelas.com.ar\/sitio\/wp-json\/wp\/v2\/users\/3"}],"replies":[{"embeddable":true,"href":"https:\/\/vocesparalelas.com.ar\/sitio\/wp-json\/wp\/v2\/comments?post=38997"}],"version-history":[{"count":2,"href":"https:\/\/vocesparalelas.com.ar\/sitio\/wp-json\/wp\/v2\/posts\/38997\/revisions"}],"predecessor-version":[{"id":39002,"href":"https:\/\/vocesparalelas.com.ar\/sitio\/wp-json\/wp\/v2\/posts\/38997\/revisions\/39002"}],"wp:featuredmedia":[{"embeddable":true,"href":"https:\/\/vocesparalelas.com.ar\/sitio\/wp-json\/wp\/v2\/media\/39000"}],"wp:attachment":[{"href":"https:\/\/vocesparalelas.com.ar\/sitio\/wp-json\/wp\/v2\/media?parent=38997"}],"wp:term":[{"taxonomy":"category","embeddable":true,"href":"https:\/\/vocesparalelas.com.ar\/sitio\/wp-json\/wp\/v2\/categories?post=38997"},{"taxonomy":"post_tag","embeddable":true,"href":"https:\/\/vocesparalelas.com.ar\/sitio\/wp-json\/wp\/v2\/tags?post=38997"}],"curies":[{"name":"wp","href":"https:\/\/api.w.org\/{rel}","templated":true}]}}