{"id":38992,"date":"2021-06-22T23:32:05","date_gmt":"2021-06-23T02:32:05","guid":{"rendered":"http:\/\/vocesparalelas.com.ar\/sitio\/?p=38992"},"modified":"2021-06-24T01:14:26","modified_gmt":"2021-06-24T04:14:26","slug":"se-suspenden-las-actividades-academicas-durante-el-acto-electoral-de-la-unsj","status":"publish","type":"post","link":"https:\/\/vocesparalelas.com.ar\/sitio\/se-suspenden-las-actividades-academicas-durante-el-acto-electoral-de-la-unsj\/","title":{"rendered":"Se suspenden las actividades acad\u00e9micas durante el Acto Electoral de la UNSJ"},"content":{"rendered":"<p>La Universidad Nacional de San Juan, a trav\u00e9s de la Resoluci\u00f3n 041\/21, suspende \u201ctodas las actividades acad\u00e9micas virtuales los d\u00edas en que se lleven a cabo los Actos Electorales correspondientes a la Primera y Segunda Vuelta de las Elecciones Generales de esta Casa de Altos Estudios; como as\u00ed tambi\u00e9n el d\u00eda en que se realicen elecciones estudiantiles de los Centros de Estudiantes de las Unidades Acad\u00e9micas y de la Federaci\u00f3n Universitaria Sanjuanina; en un todo de acuerdo con la necesidad de garantizar el derecho pol\u00edtico de la comunidad universitaria a ejercer el voto en las Elecciones de Autoridades Universitarias de esta casa\u201d.<\/p>\n<p>Cabe recordar que las fechas para las elecciones de la UNSJ son el jueves 24 de junio para primera vuelta y el 1 de julio para una eventual segunda vuelta.<\/p>\n<p><span style=\"color: #339966;\"><strong>Protocolo Covid 19<\/strong><\/span><\/p>\n<p>Asimismo, la UNSJ tambi\u00e9n cuenta con su Protocolo Covid 19, necesario para el desarrollo del acto electoral. Este Protocolo se encuentra en archivos adjuntos de esta nota.<\/p>\n<p><strong><span style=\"color: #339966;\">Documento Adjunto de la Ordenanza<\/span><\/strong><\/p>\n<p><a href=\"https:\/\/vocesparalelas.com.ar\/sitio\/wp-content\/uploads\/2021\/06\/UNSJ-ORD_14-21-PROTOCOLO_5577_035.pdf\">UNSJ-ORD_14-21-PROTOCOLO_5577_035<\/a><\/p>\n<p>&nbsp;<\/p>\n<p>&nbsp;<\/p>\n","protected":false},"excerpt":{"rendered":"<p>La Universidad Nacional de San Juan, a trav\u00e9s de la Resoluci\u00f3n 041\/21, suspende \u201ctodas las actividades acad\u00e9micas virtuales los d\u00edas<\/p>\n","protected":false},"author":3,"featured_media":36750,"comment_status":"closed","ping_status":"closed","sticky":false,"template":"","format":"standard","meta":{"_acf_changed":false,"_seopress_robots_primary_cat":"none","_seopress_titles_title":"","_seopress_titles_desc":"","_seopress_robots_index":"","colormag_page_container_layout":"default_layout","colormag_page_sidebar_layout":"default_layout","footnotes":""},"categories":[5],"tags":[],"class_list":["post-38992","post","type-post","status-publish","format-standard","has-post-thumbnail","hentry","category-ofrecimientos"],"acf":[],"_links":{"self":[{"href":"https:\/\/vocesparalelas.com.ar\/sitio\/wp-json\/wp\/v2\/posts\/38992","targetHints":{"allow":["GET"]}}],"collection":[{"href":"https:\/\/vocesparalelas.com.ar\/sitio\/wp-json\/wp\/v2\/posts"}],"about":[{"href":"https:\/\/vocesparalelas.com.ar\/sitio\/wp-json\/wp\/v2\/types\/post"}],"author":[{"embeddable":true,"href":"https:\/\/vocesparalelas.com.ar\/sitio\/wp-json\/wp\/v2\/users\/3"}],"replies":[{"embeddable":true,"href":"https:\/\/vocesparalelas.com.ar\/sitio\/wp-json\/wp\/v2\/comments?post=38992"}],"version-history":[{"count":2,"href":"https:\/\/vocesparalelas.com.ar\/sitio\/wp-json\/wp\/v2\/posts\/38992\/revisions"}],"predecessor-version":[{"id":38996,"href":"https:\/\/vocesparalelas.com.ar\/sitio\/wp-json\/wp\/v2\/posts\/38992\/revisions\/38996"}],"wp:featuredmedia":[{"embeddable":true,"href":"https:\/\/vocesparalelas.com.ar\/sitio\/wp-json\/wp\/v2\/media\/36750"}],"wp:attachment":[{"href":"https:\/\/vocesparalelas.com.ar\/sitio\/wp-json\/wp\/v2\/media?parent=38992"}],"wp:term":[{"taxonomy":"category","embeddable":true,"href":"https:\/\/vocesparalelas.com.ar\/sitio\/wp-json\/wp\/v2\/categories?post=38992"},{"taxonomy":"post_tag","embeddable":true,"href":"https:\/\/vocesparalelas.com.ar\/sitio\/wp-json\/wp\/v2\/tags?post=38992"}],"curies":[{"name":"wp","href":"https:\/\/api.w.org\/{rel}","templated":true}]}}