{"id":38983,"date":"2021-06-22T23:02:12","date_gmt":"2021-06-23T02:02:12","guid":{"rendered":"http:\/\/vocesparalelas.com.ar\/sitio\/?p=38983"},"modified":"2021-06-24T00:49:47","modified_gmt":"2021-06-24T03:49:47","slug":"curso-taller-gratuito-online-energia-solar-termica-y-cocinas-solares","status":"publish","type":"post","link":"https:\/\/vocesparalelas.com.ar\/sitio\/curso-taller-gratuito-online-energia-solar-termica-y-cocinas-solares\/","title":{"rendered":"Curso Taller Gratuito online \u00abEnerg\u00eda Solar T\u00e9rmica y Cocinas Solares\u00bb"},"content":{"rendered":"<p>El Viernes, 25 de Junio, a las 15 horas comienza la primera clase del Curso Taller Gratuito sobre Energ\u00eda Solar T\u00e9rmica y Cocinas Solares. Esta actividad, que tiene clases virtuales y presenciales con pr\u00e1cticas, es organizada por Anchipurac respaldado por la Secretar\u00eda de Estado de Ambiente y Desarrollo Sustentable, instituci\u00f3n a la que pertenece.<\/p>\n<p>El objetivo final del curso es que la persona que lo finalice comprenda los conceptos, funcionamiento y usos de la energ\u00eda solar t\u00e9rmica, y pueda armar una cocina solar con materiales reutilizados. Las inscripciones est\u00e1n abiertas y los interesados deben comunicarse al 264 4382240.<\/p>\n<p>Las clases ser\u00e1n seis y tendr\u00e1n una duraci\u00f3n de una hora aproximadamente. Las primeras tres se realizar\u00e1n los d\u00edas viernes a trav\u00e9s de Google Meet; pero la cuarta, quinta y sexta ser\u00e1n pr\u00e1cticas. El dise\u00f1ador gr\u00e1fico Jos\u00e9 Luis Galdeano, quien trabaja en el Centro Ambiental, ser\u00e1 el encargado de dar el curso en sus m\u00f3dulos virtuales y presenciales.<\/p>\n<p>El curso taller contar\u00e1 con tres m\u00f3dulos y la pr\u00e1ctica. El m\u00f3dulo uno tratar\u00e1 sobre energ\u00eda solar t\u00e9rmica, generalidades, distintas aplicaciones, y estudios sobre la incidencia solar en Argentina. El m\u00f3dulo dos abarca temas como concentraci\u00f3n solar, la forma parab\u00f3lica y el movimiento aparente del sol. Y el tercer m\u00f3dulo se basar\u00e1 en las aplicaciones de la energ\u00eda solar t\u00e9rmica, concentradores solares, dise\u00f1o, construcci\u00f3n y materiales a utilizar.<\/p>\n<p>Por otra parte, del cuarto al sexto encuentro la modalidad ser\u00e1 presencial para los que lo deseen, pero tambi\u00e9n virtual. \u201cEn los encuentros de pr\u00e1ctica los participantes deber\u00e1n traer materiales reutilizables para construir la cocina solar y tambi\u00e9n deber\u00e1n traer herramientas. Lo ideal es que lo que armemos sea con la mayor cantidad de materiales reutilizados que se puedan conseguir\u201d, asegur\u00f3 el dise\u00f1ador industrial.<\/p>\n<p>En este contexto, Galdeano tambi\u00e9n dijo que \u201cseg\u00fan el tipo de concentrador solar que se quiera construir, podemos utilizar antenas parab\u00f3licas, cajas, chapas, latas de aluminio, cualquier tipo de torniller\u00eda, metales varios, entre otros materiales\u201d.<\/p>\n<p>&nbsp;<\/p>\n<p><img loading=\"lazy\" decoding=\"async\" class=\"alignnone wp-image-38986 size-full\" src=\"https:\/\/vocesparalelas.com.ar\/sitio\/wp-content\/uploads\/2021\/06\/CURSO-SOLAR.jpg\" alt=\"\" width=\"800\" height=\"410\" srcset=\"https:\/\/vocesparalelas.com.ar\/sitio\/wp-content\/uploads\/2021\/06\/CURSO-SOLAR.jpg 800w, https:\/\/vocesparalelas.com.ar\/sitio\/wp-content\/uploads\/2021\/06\/CURSO-SOLAR-300x154.jpg 300w, https:\/\/vocesparalelas.com.ar\/sitio\/wp-content\/uploads\/2021\/06\/CURSO-SOLAR-768x394.jpg 768w\" sizes=\"auto, (max-width: 800px) 100vw, 800px\" \/><\/p>\n<p>&nbsp;<\/p>\n","protected":false},"excerpt":{"rendered":"<p>El Viernes, 25 de Junio, a las 15 horas comienza la primera clase del Curso Taller Gratuito sobre Energ\u00eda Solar<\/p>\n","protected":false},"author":3,"featured_media":38985,"comment_status":"closed","ping_status":"closed","sticky":false,"template":"","format":"standard","meta":{"_acf_changed":false,"_seopress_robots_primary_cat":"none","_seopress_titles_title":"","_seopress_titles_desc":"","_seopress_robots_index":"","colormag_page_container_layout":"default_layout","colormag_page_sidebar_layout":"default_layout","footnotes":""},"categories":[9],"tags":[],"class_list":["post-38983","post","type-post","status-publish","format-standard","has-post-thumbnail","hentry","category-cursos"],"acf":[],"_links":{"self":[{"href":"https:\/\/vocesparalelas.com.ar\/sitio\/wp-json\/wp\/v2\/posts\/38983","targetHints":{"allow":["GET"]}}],"collection":[{"href":"https:\/\/vocesparalelas.com.ar\/sitio\/wp-json\/wp\/v2\/posts"}],"about":[{"href":"https:\/\/vocesparalelas.com.ar\/sitio\/wp-json\/wp\/v2\/types\/post"}],"author":[{"embeddable":true,"href":"https:\/\/vocesparalelas.com.ar\/sitio\/wp-json\/wp\/v2\/users\/3"}],"replies":[{"embeddable":true,"href":"https:\/\/vocesparalelas.com.ar\/sitio\/wp-json\/wp\/v2\/comments?post=38983"}],"version-history":[{"count":1,"href":"https:\/\/vocesparalelas.com.ar\/sitio\/wp-json\/wp\/v2\/posts\/38983\/revisions"}],"predecessor-version":[{"id":38987,"href":"https:\/\/vocesparalelas.com.ar\/sitio\/wp-json\/wp\/v2\/posts\/38983\/revisions\/38987"}],"wp:featuredmedia":[{"embeddable":true,"href":"https:\/\/vocesparalelas.com.ar\/sitio\/wp-json\/wp\/v2\/media\/38985"}],"wp:attachment":[{"href":"https:\/\/vocesparalelas.com.ar\/sitio\/wp-json\/wp\/v2\/media?parent=38983"}],"wp:term":[{"taxonomy":"category","embeddable":true,"href":"https:\/\/vocesparalelas.com.ar\/sitio\/wp-json\/wp\/v2\/categories?post=38983"},{"taxonomy":"post_tag","embeddable":true,"href":"https:\/\/vocesparalelas.com.ar\/sitio\/wp-json\/wp\/v2\/tags?post=38983"}],"curies":[{"name":"wp","href":"https:\/\/api.w.org\/{rel}","templated":true}]}}