{"id":38956,"date":"2021-06-22T13:30:05","date_gmt":"2021-06-22T16:30:05","guid":{"rendered":"http:\/\/vocesparalelas.com.ar\/sitio\/?p=38956"},"modified":"2021-06-24T01:15:53","modified_gmt":"2021-06-24T04:15:53","slug":"cronograma-de-pago-de-becas-de-apoyo-economico-2021-de-la-unsj","status":"publish","type":"post","link":"https:\/\/vocesparalelas.com.ar\/sitio\/cronograma-de-pago-de-becas-de-apoyo-economico-2021-de-la-unsj\/","title":{"rendered":"Cronograma de pago de Becas de Apoyo Econ\u00f3mico 2021 de la UNSJ"},"content":{"rendered":"<p>La Secretar\u00eda Administrativo Financiera de la Universidad Nacional de San Juan modific\u00f3 el cronograma de pago de las casi 1850 becas de Apoyo Econ\u00f3mico 2021 que otorga la Universidad Nacional de San Juan a los\/as estudiantes.<\/p>\n<p>La nueva fecha de elecciones impide que el pago comience el 24 de Junio y por lo tanto, se inicia el Viernes, 25 de Junio.\u00a0Se prev\u00e9 pagar cinco meses juntos de manera presencial.<\/p>\n<p><span style=\"color: #339966;\"><strong>Protocolo de asistencia<\/strong><\/span><\/p>\n<ul>\n<li>Asistir con DNI<\/li>\n<li><span style=\"line-height: 1.5;\">Asistir con Barbijo o cubreboca<\/span><\/li>\n<\/ul>\n<p>En el caso del tutor del estudiante preuniversitario debe asistir con su DNI y el DNI del beneficiario.<\/p>\n<p>El estudiante que no puede asistir, debe autorizar a un tercero con una nota firmada adjuntando fotocopia del DNI del beneficiario. Requisito obligatorio para poder percibir el cobro.<\/p>\n<p><span style=\"color: #339966;\"><strong>Estudiantes Preuniversitarios<\/strong><\/span><\/p>\n<ul>\n<li>Lugar: Edificio Central de la UNSJ (Mitre 396 este).<\/li>\n<\/ul>\n<p><strong><span style=\"color: #339966;\">25 de Junio<\/span><\/strong><\/p>\n<ul>\n<li>De 9 a 13 horas, apellidos de la A a la C.<\/li>\n<\/ul>\n<p><strong><span style=\"color: #339966;\">28 de Junio<\/span><\/strong><\/p>\n<ul>\n<li>De 9 a 13 horas, apellidos de la D a la L.<\/li>\n<\/ul>\n<p><strong><span style=\"color: #339966;\">02\u00a0de Julio<\/span><\/strong><\/p>\n<ul>\n<li>De 9 a 13 horas, apellidos de la M a la Q.<\/li>\n<\/ul>\n<p><strong><span style=\"color: #339966;\">05 de Julio<\/span><\/strong><\/p>\n<ul>\n<li>De 9 a 13 horas, apellidos de la R a la Z.<\/li>\n<\/ul>\n<p><span style=\"color: #339966;\"><strong>Estudiantes Universitarios<\/strong><\/span><\/p>\n<ul>\n<li>Lugar: Complejo Deportivo \u201cEl Palomar\u201d (ingreso por calle Paula Albarrac\u00edn de Sarmiento).<\/li>\n<\/ul>\n<p><span style=\"color: #339966;\"><strong>25 de Junio<\/strong><\/span><\/p>\n<ul>\n<li>De 9 a 11 horas, apellidos de la A a la B.<\/li>\n<li>De 11 a 13 horas, apellidos letra C.<\/li>\n<\/ul>\n<p><span style=\"color: #339966;\"><strong>28 de Junio<\/strong><\/span><\/p>\n<ul>\n<li>De 9 a 11 horas, apellidos de la D a apellido Garrido.<\/li>\n<li>De 11 a 13 horas, de apellidos Gaspar a letra L.<\/li>\n<\/ul>\n<p><span style=\"color: #339966;\"><strong>02 de Julio<\/strong><\/span><\/p>\n<ul>\n<li>De 9 a 11 horas, apellidos de la M a la \u00d1.<\/li>\n<li>De 11 a 13 horas, apellidos de la letra O a la Q.<\/li>\n<\/ul>\n<p><span style=\"color: #339966;\"><strong>05 de Julio<\/strong><\/span><\/p>\n<ul>\n<li>De 9 a 11 horas, apellidos de la R a la S.<\/li>\n<li>De 11 a 13 horas, apellidos de la T a la Z.<\/li>\n<\/ul>\n<p>De acuerdo a lo informado por la Secretar\u00eda Administrativo Financiera, el pago implica una erogaci\u00f3n de casi 64 millones de pesos.<\/p>\n<p>&nbsp;<\/p>\n<p>&nbsp;<\/p>\n","protected":false},"excerpt":{"rendered":"<p>La Secretar\u00eda Administrativo Financiera de la Universidad Nacional de San Juan modific\u00f3 el cronograma de pago de las casi 1850<\/p>\n","protected":false},"author":3,"featured_media":38589,"comment_status":"closed","ping_status":"closed","sticky":false,"template":"","format":"standard","meta":{"_acf_changed":false,"_seopress_robots_primary_cat":"none","_seopress_titles_title":"","_seopress_titles_desc":"","_seopress_robots_index":"","colormag_page_container_layout":"default_layout","colormag_page_sidebar_layout":"default_layout","footnotes":""},"categories":[2],"tags":[],"class_list":["post-38956","post","type-post","status-publish","format-standard","has-post-thumbnail","hentry","category-convocatorias"],"acf":[],"_links":{"self":[{"href":"https:\/\/vocesparalelas.com.ar\/sitio\/wp-json\/wp\/v2\/posts\/38956","targetHints":{"allow":["GET"]}}],"collection":[{"href":"https:\/\/vocesparalelas.com.ar\/sitio\/wp-json\/wp\/v2\/posts"}],"about":[{"href":"https:\/\/vocesparalelas.com.ar\/sitio\/wp-json\/wp\/v2\/types\/post"}],"author":[{"embeddable":true,"href":"https:\/\/vocesparalelas.com.ar\/sitio\/wp-json\/wp\/v2\/users\/3"}],"replies":[{"embeddable":true,"href":"https:\/\/vocesparalelas.com.ar\/sitio\/wp-json\/wp\/v2\/comments?post=38956"}],"version-history":[{"count":1,"href":"https:\/\/vocesparalelas.com.ar\/sitio\/wp-json\/wp\/v2\/posts\/38956\/revisions"}],"predecessor-version":[{"id":38958,"href":"https:\/\/vocesparalelas.com.ar\/sitio\/wp-json\/wp\/v2\/posts\/38956\/revisions\/38958"}],"wp:featuredmedia":[{"embeddable":true,"href":"https:\/\/vocesparalelas.com.ar\/sitio\/wp-json\/wp\/v2\/media\/38589"}],"wp:attachment":[{"href":"https:\/\/vocesparalelas.com.ar\/sitio\/wp-json\/wp\/v2\/media?parent=38956"}],"wp:term":[{"taxonomy":"category","embeddable":true,"href":"https:\/\/vocesparalelas.com.ar\/sitio\/wp-json\/wp\/v2\/categories?post=38956"},{"taxonomy":"post_tag","embeddable":true,"href":"https:\/\/vocesparalelas.com.ar\/sitio\/wp-json\/wp\/v2\/tags?post=38956"}],"curies":[{"name":"wp","href":"https:\/\/api.w.org\/{rel}","templated":true}]}}