{"id":38944,"date":"2021-06-21T21:51:38","date_gmt":"2021-06-22T00:51:38","guid":{"rendered":"http:\/\/vocesparalelas.com.ar\/sitio\/?p=38944"},"modified":"2021-06-24T01:16:29","modified_gmt":"2021-06-24T04:16:29","slug":"convocatoria-proyectos-de-tecnologias-para-la-inclusion-social","status":"publish","type":"post","link":"https:\/\/vocesparalelas.com.ar\/sitio\/convocatoria-proyectos-de-tecnologias-para-la-inclusion-social\/","title":{"rendered":"Convocatoria \u00abProyectos de tecnolog\u00edas para la inclusi\u00f3n social\u00bb"},"content":{"rendered":"<p>Es para cofinanciar proyectos orientados al desarrollo e implementaci\u00f3n, en territorio, de soluciones tecnol\u00f3gicas que mejoren la calidad de vida de la poblaci\u00f3n.<\/p>\n<p>El objetivo es promover din\u00e1micas de innovaci\u00f3n entre actores sociales y entidades del Sistema Nacional de Ciencia, Tecnolog\u00eda e Innovaci\u00f3n &#8211; SNCTI &#8211; a fin de generar nuevas modalidades de resoluci\u00f3n de problem\u00e1ticas sociales o productivas.<\/p>\n<p><strong><span style=\"color: #339966;\">Las \u00e1reas tem\u00e1ticas son:<\/span><\/strong><\/p>\n<ul>\n<li>Desarrollo productivo.<\/li>\n<li>Agricultura familiar.<\/li>\n<li>H\u00e1bitat social.<\/li>\n<li>Discapacidad.<\/li>\n<li>Salud.<\/li>\n<\/ul>\n<p><strong><span style=\"color: #339966;\">Entidades solicitantes<\/span><\/strong><\/p>\n<p>N\u00facleo asociativo conformado por municipios de hasta 50.000 habitantes, asociaciones civiles, fundaciones, cooperativas, entidades sindicales, micro y peque\u00f1as empresas, organizaciones de la sociedad civil debidamente constituidas y\/o cualquiera de estos integrados, y una o m\u00e1s entidades del Sistema Nacional de Ciencia, Tecnolog\u00eda e Innovaci\u00f3n (SNCTI).<\/p>\n<p><strong><span style=\"color: #339966;\">Contacto<\/span><\/strong><\/p>\n<p>Las consultas podr\u00e1n efectuarse exclusivamente por correo electr\u00f3nico a\u00a0<span id=\"cloakbc6daf756eb6e48d76525cb0b49f5c3f\"><a href=\"mailto:procodas@mincyt.gob.ar\">procodas@mincyt.gob.ar<\/a><\/span>.<\/p>\n<p><span style=\"color: #339966;\"><strong>Acced\u00e9 a las Bases y Condiciones e instructivo<\/strong><\/span><\/p>\n<p><a href=\"https:\/\/www.argentina.gob.ar\/ciencia\/financiamiento\/procodas2021\">https:\/\/www.argentina.gob.ar\/ciencia\/financiamiento\/procodas2021<\/a><\/p>\n<p>Fuente: argentina.gob.ar<\/p>\n","protected":false},"excerpt":{"rendered":"<p>Es para cofinanciar proyectos orientados al desarrollo e implementaci\u00f3n, en territorio, de soluciones tecnol\u00f3gicas que mejoren la calidad de vida<\/p>\n","protected":false},"author":3,"featured_media":38946,"comment_status":"closed","ping_status":"closed","sticky":false,"template":"","format":"standard","meta":{"_acf_changed":false,"_seopress_robots_primary_cat":"none","_seopress_titles_title":"","_seopress_titles_desc":"","_seopress_robots_index":"","colormag_page_container_layout":"default_layout","colormag_page_sidebar_layout":"default_layout","footnotes":""},"categories":[2],"tags":[],"class_list":["post-38944","post","type-post","status-publish","format-standard","has-post-thumbnail","hentry","category-convocatorias"],"acf":[],"_links":{"self":[{"href":"https:\/\/vocesparalelas.com.ar\/sitio\/wp-json\/wp\/v2\/posts\/38944","targetHints":{"allow":["GET"]}}],"collection":[{"href":"https:\/\/vocesparalelas.com.ar\/sitio\/wp-json\/wp\/v2\/posts"}],"about":[{"href":"https:\/\/vocesparalelas.com.ar\/sitio\/wp-json\/wp\/v2\/types\/post"}],"author":[{"embeddable":true,"href":"https:\/\/vocesparalelas.com.ar\/sitio\/wp-json\/wp\/v2\/users\/3"}],"replies":[{"embeddable":true,"href":"https:\/\/vocesparalelas.com.ar\/sitio\/wp-json\/wp\/v2\/comments?post=38944"}],"version-history":[{"count":1,"href":"https:\/\/vocesparalelas.com.ar\/sitio\/wp-json\/wp\/v2\/posts\/38944\/revisions"}],"predecessor-version":[{"id":38947,"href":"https:\/\/vocesparalelas.com.ar\/sitio\/wp-json\/wp\/v2\/posts\/38944\/revisions\/38947"}],"wp:featuredmedia":[{"embeddable":true,"href":"https:\/\/vocesparalelas.com.ar\/sitio\/wp-json\/wp\/v2\/media\/38946"}],"wp:attachment":[{"href":"https:\/\/vocesparalelas.com.ar\/sitio\/wp-json\/wp\/v2\/media?parent=38944"}],"wp:term":[{"taxonomy":"category","embeddable":true,"href":"https:\/\/vocesparalelas.com.ar\/sitio\/wp-json\/wp\/v2\/categories?post=38944"},{"taxonomy":"post_tag","embeddable":true,"href":"https:\/\/vocesparalelas.com.ar\/sitio\/wp-json\/wp\/v2\/tags?post=38944"}],"curies":[{"name":"wp","href":"https:\/\/api.w.org\/{rel}","templated":true}]}}