{"id":38939,"date":"2021-06-21T20:22:17","date_gmt":"2021-06-21T23:22:17","guid":{"rendered":"http:\/\/vocesparalelas.com.ar\/sitio\/?p=38939"},"modified":"2021-06-22T23:20:31","modified_gmt":"2021-06-23T02:20:31","slug":"curso-de-redaccion-de-textos-administrativos","status":"publish","type":"post","link":"https:\/\/vocesparalelas.com.ar\/sitio\/curso-de-redaccion-de-textos-administrativos\/","title":{"rendered":"Curso de Redacci\u00f3n de Textos Administrativos"},"content":{"rendered":"<p>UPCN &#8211; Seccional San Juan a trav\u00e9s de la Secretar\u00eda de Profesionales brinda Curso de Redacci\u00f3n de Textos Administrativos.<\/p>\n<p>&nbsp;<\/p>\n<p>El mismo esta dirigido a Personal de la Administraci\u00f3n P\u00fablica Provincial, y Municipal Docentes, Fuerzas de Seguridad y p\u00fablico en Gral.<\/p>\n<p><strong><span style=\"color: #339966;\">Temario<\/span><\/strong><\/p>\n<ul>\n<li>Se dan temas tales como Reglas de ortograf\u00eda,<\/li>\n<li>Encabezados y pie de los documentos,<\/li>\n<li>Estructura de los documentos administrativos,<\/li>\n<li>Redacci\u00f3n de circulares<\/li>\n<li>Oficios, citaciones, resoluciones. Lo dicta la prof. Abogada Monica Fernandez<\/li>\n<\/ul>\n<p><strong><span style=\"color: #339966;\">Inscripciones <\/span><span style=\"color: #339966;\">gratui<\/span><span style=\"color: #339966;\">ta<\/span><\/strong><\/p>\n<p><a href=\"https:\/\/forms.gle\/iumVft9GPyJ7KQ4d6\">https:\/\/forms.gle\/iumVft9GPyJ7KQ4d6<\/a><\/p>\n<p><span style=\"color: #339966;\"><strong>Suscribite al Canal de Youtube de UPCN<\/strong><\/span><\/p>\n<p><a href=\"https:\/\/youtube.com\/channel\/UCpfcNwb3pRPnqh--Cnpj2-w\">https:\/\/youtube.com\/channel\/UCpfcNwb3pRPnqh&#8211;Cnpj2-w<\/a><\/p>\n<p>&nbsp;<\/p>\n<p>&nbsp;<\/p>\n<p>&nbsp;<\/p>\n","protected":false},"excerpt":{"rendered":"<p>UPCN &#8211; Seccional San Juan a trav\u00e9s de la Secretar\u00eda de Profesionales brinda Curso de Redacci\u00f3n de Textos Administrativos. &nbsp;<\/p>\n","protected":false},"author":3,"featured_media":0,"comment_status":"closed","ping_status":"closed","sticky":false,"template":"","format":"standard","meta":{"_acf_changed":false,"_seopress_robots_primary_cat":"none","_seopress_titles_title":"","_seopress_titles_desc":"","_seopress_robots_index":"","colormag_page_container_layout":"default_layout","colormag_page_sidebar_layout":"default_layout","footnotes":""},"categories":[9],"tags":[],"class_list":["post-38939","post","type-post","status-publish","format-standard","hentry","category-cursos"],"acf":[],"_links":{"self":[{"href":"https:\/\/vocesparalelas.com.ar\/sitio\/wp-json\/wp\/v2\/posts\/38939","targetHints":{"allow":["GET"]}}],"collection":[{"href":"https:\/\/vocesparalelas.com.ar\/sitio\/wp-json\/wp\/v2\/posts"}],"about":[{"href":"https:\/\/vocesparalelas.com.ar\/sitio\/wp-json\/wp\/v2\/types\/post"}],"author":[{"embeddable":true,"href":"https:\/\/vocesparalelas.com.ar\/sitio\/wp-json\/wp\/v2\/users\/3"}],"replies":[{"embeddable":true,"href":"https:\/\/vocesparalelas.com.ar\/sitio\/wp-json\/wp\/v2\/comments?post=38939"}],"version-history":[{"count":1,"href":"https:\/\/vocesparalelas.com.ar\/sitio\/wp-json\/wp\/v2\/posts\/38939\/revisions"}],"predecessor-version":[{"id":38943,"href":"https:\/\/vocesparalelas.com.ar\/sitio\/wp-json\/wp\/v2\/posts\/38939\/revisions\/38943"}],"wp:attachment":[{"href":"https:\/\/vocesparalelas.com.ar\/sitio\/wp-json\/wp\/v2\/media?parent=38939"}],"wp:term":[{"taxonomy":"category","embeddable":true,"href":"https:\/\/vocesparalelas.com.ar\/sitio\/wp-json\/wp\/v2\/categories?post=38939"},{"taxonomy":"post_tag","embeddable":true,"href":"https:\/\/vocesparalelas.com.ar\/sitio\/wp-json\/wp\/v2\/tags?post=38939"}],"curies":[{"name":"wp","href":"https:\/\/api.w.org\/{rel}","templated":true}]}}