{"id":38931,"date":"2021-06-21T14:31:10","date_gmt":"2021-06-21T17:31:10","guid":{"rendered":"http:\/\/vocesparalelas.com.ar\/sitio\/?p=38931"},"modified":"2021-06-22T23:20:00","modified_gmt":"2021-06-23T02:20:00","slug":"se-retoman-las-actividades-con-presencialidad-cuidada-en-arte-infinito","status":"publish","type":"post","link":"https:\/\/vocesparalelas.com.ar\/sitio\/se-retoman-las-actividades-con-presencialidad-cuidada-en-arte-infinito\/","title":{"rendered":"Se retoman las actividades con presencialidad cuidada en \u00abArte Infinito\u00bb"},"content":{"rendered":"<p>El Centro de Innovaci\u00f3n Educativa Tecnol\u00f3gica del Ministerio de Educaci\u00f3n del Gobierno de San Juan retoma las actividades con presencialidad cuidada para familias, chicos y j\u00f3venes, con una propuesta educativa no formal que estimula y potencia habilidades y competencias.<\/p>\n<p>Bajo estricto protocolo y previa inscripci\u00f3n, a partir del 22 de Junio al 2 de Julio se expone Artify, donde los visitantes pueden disfrutar de obras art\u00edsticas de la mano de profesores y artistas que les explican las diferentes maneras de leer e interpretar el arte abstracto y el figurativo, entre otros.<\/p>\n<p>Los talleres Arte y pintura se realizan para chicos de 13 a 18 a\u00f1os a las 15 horas en dos jornadas; una el Martes, 22 y 29 de Junio. La otra el Jueves 24 de Junio y 01 de Julio.<\/p>\n<p>El prop\u00f3sito es que vinculen la creaci\u00f3n art\u00edstica visual con las diferentes realidades de la actualidad como: cuidados y pandemia, uso de recursos naturales, infancias, problem\u00e1ticas de tu barrio entre otras. Versionando la realidad creando una obra \u00fanica y aut\u00e9ntica.<\/p>\n<p><strong><span style=\"color: #339966;\">Tem\u00e1ticas\u00a0<\/span><\/strong><\/p>\n<ul>\n<li>Aspectos a tener en cuenta, cuando se aprecia una obra mirada, si es arte abstracto o figurativo, depender\u00e1 si lo que vemos podemos relacionarlo o no con algo conocido previamente.<\/li>\n<li>En una pintura figurativa distinguir de qu\u00e9 g\u00e9nero , si es un retrato, un paisaje, una naturaleza muerta o bodeg\u00f3n<\/li>\n<li>En una pintura abstracta distinguir textura, color, composici\u00f3n, equilibrio, etc.<\/li>\n<\/ul>\n<p><span style=\"color: #339966;\"><strong>Teatro<\/strong><\/span><\/p>\n<p>El taller de Creaci\u00f3n de personajes teatrales, destinado a chicos de 6 a 9 a\u00f1os, se desarrollar\u00e1 a las 15 horas en dos encuentros: una a realizarse los d\u00edas mi\u00e9rcoles 23 y 30 de Junio. El otro, los viernes 25 de Junio y 02 de Julio.<\/p>\n<p>Mediante el juego y tu creatividad, desarrollan capacidades y habilidades para crear personajes creando una breve historia de teatro.<\/p>\n<p><span style=\"color: #339966;\"><strong>Ciencia y Kandinsky<\/strong><\/span><\/p>\n<p>En este taller para chicos de 8 a 12 a\u00f1os los ejes principales de la actividad son la microscop\u00eda y el reciclaje, tomando como modelo las obras de Kandinsky. Se utilizar\u00e1 levadura para poder realizar las muestras. Luego de observar en microscopio se realizan obras de arte con materiales reciclados, t\u00e9cnica utilizada por el artista Berni.<\/p>\n<p>Se desarrolla a las 15:30 horas, Mi\u00e9rcoles, 23 y Viernes, 25 de Junio.<\/p>\n<p>Los talleres tienen cupos limitados.<\/p>\n<p><strong><span style=\"color: #339966;\">Consultas e inscripciones<\/span><\/strong><\/p>\n<p>WhatsApp 264 542-7002.<\/p>\n<p>&nbsp;<\/p>\n<p><img loading=\"lazy\" decoding=\"async\" class=\"alignnone wp-image-38933 size-full\" src=\"https:\/\/vocesparalelas.com.ar\/sitio\/wp-content\/uploads\/2021\/06\/ARTE-INFINITO-01.jpg\" alt=\"\" width=\"800\" height=\"637\" \/><\/p>\n","protected":false},"excerpt":{"rendered":"<p>El Centro de Innovaci\u00f3n Educativa Tecnol\u00f3gica del Ministerio de Educaci\u00f3n del Gobierno de San Juan retoma las actividades con presencialidad<\/p>\n","protected":false},"author":3,"featured_media":38934,"comment_status":"closed","ping_status":"closed","sticky":false,"template":"","format":"standard","meta":{"_acf_changed":false,"_seopress_robots_primary_cat":"none","_seopress_titles_title":"","_seopress_titles_desc":"","_seopress_robots_index":"","colormag_page_container_layout":"default_layout","colormag_page_sidebar_layout":"default_layout","footnotes":""},"categories":[9],"tags":[],"class_list":["post-38931","post","type-post","status-publish","format-standard","has-post-thumbnail","hentry","category-cursos"],"acf":[],"_links":{"self":[{"href":"https:\/\/vocesparalelas.com.ar\/sitio\/wp-json\/wp\/v2\/posts\/38931","targetHints":{"allow":["GET"]}}],"collection":[{"href":"https:\/\/vocesparalelas.com.ar\/sitio\/wp-json\/wp\/v2\/posts"}],"about":[{"href":"https:\/\/vocesparalelas.com.ar\/sitio\/wp-json\/wp\/v2\/types\/post"}],"author":[{"embeddable":true,"href":"https:\/\/vocesparalelas.com.ar\/sitio\/wp-json\/wp\/v2\/users\/3"}],"replies":[{"embeddable":true,"href":"https:\/\/vocesparalelas.com.ar\/sitio\/wp-json\/wp\/v2\/comments?post=38931"}],"version-history":[{"count":1,"href":"https:\/\/vocesparalelas.com.ar\/sitio\/wp-json\/wp\/v2\/posts\/38931\/revisions"}],"predecessor-version":[{"id":38935,"href":"https:\/\/vocesparalelas.com.ar\/sitio\/wp-json\/wp\/v2\/posts\/38931\/revisions\/38935"}],"wp:featuredmedia":[{"embeddable":true,"href":"https:\/\/vocesparalelas.com.ar\/sitio\/wp-json\/wp\/v2\/media\/38934"}],"wp:attachment":[{"href":"https:\/\/vocesparalelas.com.ar\/sitio\/wp-json\/wp\/v2\/media?parent=38931"}],"wp:term":[{"taxonomy":"category","embeddable":true,"href":"https:\/\/vocesparalelas.com.ar\/sitio\/wp-json\/wp\/v2\/categories?post=38931"},{"taxonomy":"post_tag","embeddable":true,"href":"https:\/\/vocesparalelas.com.ar\/sitio\/wp-json\/wp\/v2\/tags?post=38931"}],"curies":[{"name":"wp","href":"https:\/\/api.w.org\/{rel}","templated":true}]}}