{"id":38926,"date":"2021-06-21T00:12:51","date_gmt":"2021-06-21T03:12:51","guid":{"rendered":"http:\/\/vocesparalelas.com.ar\/sitio\/?p=38926"},"modified":"2021-06-21T00:12:51","modified_gmt":"2021-06-21T03:12:51","slug":"promesa-de-lealtad-a-la-bandera-argentina-en-san-juan","status":"publish","type":"post","link":"https:\/\/vocesparalelas.com.ar\/sitio\/promesa-de-lealtad-a-la-bandera-argentina-en-san-juan\/","title":{"rendered":"Promesa de Lealtad a la Bandera Argentina en San Juan"},"content":{"rendered":"<p>El Domingo, 20 de Junio, alumnos de cuarto grado realizaron la Promesa de Lealtad a la Bandera Nacional, organizado por el Ministerio de Educaci\u00f3n del Gobierno de San Juan.<\/p>\n<p>En el Teatro del Bicentenario, el gobernador de San Juan, Dr. Sergio U\u00f1ac, acompa\u00f1ado por el ministro de Educaci\u00f3n, Lic. Felipe De Los R\u00edos, presidi\u00f3 el acto en el que particparon 19 estudiantes, uno en representaci\u00f3n de cada uno de los departamentos.<\/p>\n<p><img loading=\"lazy\" decoding=\"async\" class=\"alignnone wp-image-38928 size-full\" src=\"https:\/\/vocesparalelas.com.ar\/sitio\/wp-content\/uploads\/2021\/06\/PROMESA-01.jpg\" alt=\"\" width=\"800\" height=\"450\" srcset=\"https:\/\/vocesparalelas.com.ar\/sitio\/wp-content\/uploads\/2021\/06\/PROMESA-01.jpg 800w, https:\/\/vocesparalelas.com.ar\/sitio\/wp-content\/uploads\/2021\/06\/PROMESA-01-300x169.jpg 300w, https:\/\/vocesparalelas.com.ar\/sitio\/wp-content\/uploads\/2021\/06\/PROMESA-01-768x432.jpg 768w\" sizes=\"auto, (max-width: 800px) 100vw, 800px\" \/><\/p>\n<p>Tras entonar el Himno Nacional Argentino, mostrando im\u00e1genes de la Bandera Nacional, el ministro de Educaci\u00f3n, Lic. Felipe De Los R\u00edos, tom\u00f3 la Promesa de Lealtad a la Bandera a los 19 alumnos que asistieron representando a un establecimiento educativo de su respectivo departamento.<\/p>\n<p>De Los R\u00edos comenz\u00f3 su discruso saludando a los funcionarios, directivos, alumnos y padres presentes, y dirigi\u00e9ndose a los estudiantes se\u00f1al\u00f3 que \u00abesta es la bandera que cre\u00f3 Manuel Belgrano en el nacimiento de nuestra libertad y simboliza a la Rep\u00fablica Argentina, a la Patria; representa a nuestra amada tierra, el presente en el que vemos los frutos de los sue\u00f1os y luchas de hombres y mujeres que cimentaron la democracia en el suelo argentino\u201d.<\/p>\n<p>Seguidamente, el titular de la cartera educativa inst\u00f3 a los alumnos a \u201ccontinuar protegiendo el esp\u00edritu de pertenencia, conquistar el conocimiento que nos hace libres basado en el amor al pr\u00f3jimo con el compromiso de fortalecer nuestra historia defendiendo el derecho a la educaci\u00f3n y el respeto a los s\u00edmbolos patrios\u201d.<\/p>\n<p>A continuaci\u00f3n, el ministro tom\u00f3 la Promesa de Lealtad a los estudiantes: \u201c\u00bfPrometen en forma permanente e irrenunciable, defender, respetar y amar esta bandera con la responsabilidad que el esp\u00edritu democr\u00e1tico nos convoca, estudiando con empe\u00f1o y juicio cr\u00edtico, comprometi\u00e9ndose a ser ciudadanos libres, trabajadores y justos, aceptando fraternalmente las diferencias de todos los que habitan nuestro suelo, reflejando nuestros actos, los valores que de ella se desprenden y fortaleciendo el sublime amor a la patria que nos mantiene hoy erguidos ante ella. Para que el honor sea su aliento y la justicia su empresa?\u201d.<\/p>\n<p>La pregunta fue respondida en forma un\u00e1nime y fervorosa por los 19 estudiantes: \u00ab\u00a1S\u00ed, prometo!\u00bb, aseguraron.<\/p>\n<p>Tras el acto, el gobernador Dr. Sergio U\u00f1ac felicit\u00f3 a los alumnos y puso de relieve la importancia de la Promesa de Lealtad a la Bandera y explic\u00f3 que el evento se realiz\u00f3 de manera simb\u00f3lica para resguardar la salud de los sanjuaninos.<\/p>\n<p>Finalmente, dese\u00f3 que \u00abtodos podamos enaltecer nuestra ense\u00f1a patria sintiendo el orgullo de ser argentino y trabajando todos los d\u00edas para que esta Patria y esta bandera nos sigan representando\u00bb.<\/p>\n<p>Posteriormente, el ministro de Educaci\u00f3n explic\u00f3 que \u201cestos alumnos fueron seleccionados a trav\u00e9s de un sorteo para que todos los departamentos puedan contar con un representante\u00bb.<\/p>\n<p>Estuvieron presentes adem\u00e1s en el acto, la secretaria de Educaci\u00f3n, Lic. Rosana Vicentella; la secretaria administrativa, Prof. Alicia Vargas; los directores de Educaci\u00f3n Privada, Prof. Alicia Benardini; de Educaci\u00f3n Inicial, Prof. Laura Castro; de Educaci\u00f3n Primaria, Prof. Alejandro Lampasona; de Educaci\u00f3n Especial, Prof. Mar\u00eda Garrido; de Educaci\u00f3n Secundaria Orientada, Prof. Mar\u00eda Butazzoni; de Educaci\u00f3n T\u00e9cnica, Prof. Orlando Blanchero; de Educaci\u00f3n de Adultos, Prof. Patricia Guti\u00e9rrez; de Educaci\u00f3n Superior, Prof. Fernanda Rostagno; de Gabinetes T\u00e9cnicos de Educaci\u00f3n, Prof. M\u00f3nica Guti\u00e9rrez; la directora del Teatro del Bicentenario, Lic. Silvana Moreno; entre otras autoridades.<\/p>\n<p><span style=\"color: #3366ff;\"><strong>Estudiantes que prometieron la Bandera<\/strong><\/span><\/p>\n<p><strong><span style=\"color: #3366ff;\">Departamento Albard\u00f3n<\/span><\/strong><\/p>\n<ul>\n<li>Colegio Nuestra Se\u00f1ora de los Desamparados<\/li>\n<li>Alumna: Diana Cortez Monta\u00f1a<\/li>\n<\/ul>\n<p><strong><span style=\"color: #3366ff;\">Departamento Angaco<\/span><\/strong><\/p>\n<ul>\n<li>Escuela Juan Jufr\u00e9<\/li>\n<li>Alumno: Catriel Tob\u00edas Uriel Lucero Gonz\u00e1lez<\/li>\n<\/ul>\n<p><strong><span style=\"color: #3366ff;\">Departamento Calingasta<\/span><\/strong><\/p>\n<ul>\n<li>Escuela Mart\u00edn Gil<\/li>\n<li>Alumna: Tatiana Agostina Stoppa Villarroel<\/li>\n<\/ul>\n<p><strong><span style=\"color: #3366ff;\">Departamento Chimbas<\/span><\/strong><\/p>\n<ul>\n<li>Escuela de Educaci\u00f3n Especial Martina Chapanay<\/li>\n<li>Alumno: Jeremy Benjam\u00edn Escudero<\/li>\n<\/ul>\n<p><strong><span style=\"color: #3366ff;\">Departamento Capital<\/span><\/strong><\/p>\n<ul>\n<li>Escuela: Normal Superior General San Mart\u00edn<\/li>\n<li>Alumno: Alejo Ramiro Guzm\u00e1n Mart\u00ednez<\/li>\n<\/ul>\n<p><strong><span style=\"color: #3366ff;\">Departamento Caucete<\/span><\/strong><\/p>\n<ul>\n<li>Colegio Parroquial Cristo Rey<\/li>\n<li>Alumna: Catalina Fr\u00edas Herrera<\/li>\n<\/ul>\n<p><strong><span style=\"color: #3366ff;\">Departamento Iglesia<\/span><\/strong><\/p>\n<ul>\n<li>Escuela Ant\u00e1rtida Argentina<\/li>\n<li>Alumna: Antonella Judit Manrique<\/li>\n<\/ul>\n<p><strong><span style=\"color: #3366ff;\">Departamento J\u00e1chal<\/span><\/strong><\/p>\n<ul>\n<li>Escuela Lorenzo de Luzuriaga<\/li>\n<li>Alumno: Santiago Iv\u00e1n Valenzuela<\/li>\n<\/ul>\n<p><strong><span style=\"color: #3366ff;\">Departamento 9 de Julio<\/span><\/strong><\/p>\n<ul>\n<li>Escuela Eusebio Zapata<\/li>\n<li>Alumno: \u00c1ngel Gabriel Sombra<\/li>\n<\/ul>\n<p><strong><span style=\"color: #3366ff;\">Departamento Pocito<\/span><\/strong><\/p>\n<ul>\n<li>Colegio Santa B\u00e1rbara<\/li>\n<li>Alumna: Sol Leonor Roldan Jord\u00e1n<\/li>\n<\/ul>\n<p><strong><span style=\"color: #3366ff;\">Departamento Rawson<\/span><\/strong><\/p>\n<ul>\n<li>Escuela de Educaci\u00f3n Especial Ram\u00f3n Pe\u00f1afort<\/li>\n<li>Alumno: Valentino V\u00e1zquez<\/li>\n<\/ul>\n<p><strong><span style=\"color: #3366ff;\">Departamento Rivadavia<\/span><\/strong><\/p>\n<ul>\n<li>Escuela de Educaci\u00f3n Especial Jos\u00e9 de Cupertino.<\/li>\n<li>Alumno: Joaqu\u00edn Rodr\u00edguez<\/li>\n<\/ul>\n<p><strong><span style=\"color: #3366ff;\">Departamento Santa Luc\u00eda<\/span><\/strong><\/p>\n<ul>\n<li>Colegio Parroquial de Santa Luc\u00eda<\/li>\n<li>Alumna: Delfina Gallardo Garito<\/li>\n<\/ul>\n<p><strong><span style=\"color: #3366ff;\">Departamento San Mart\u00edn<\/span><\/strong><\/p>\n<ul>\n<li>Escuela Ernestina Echegaray de Andino<\/li>\n<li>Alumna: Loreley Yazm\u00edn Moreno Perdernera<\/li>\n<\/ul>\n<p><span style=\"color: #3366ff;\"><strong>Departamento Sarmiento<\/strong><\/span><\/p>\n<ul>\n<li>Escuela Falucho<\/li>\n<li>Alumna: Xiomara Eluney Ayala Pereyra<\/li>\n<\/ul>\n<p><strong><span style=\"color: #3366ff;\">Departamento Valle F\u00e9rtil<\/span><\/strong><\/p>\n<ul>\n<li>Escuela Franklin Rawson<\/li>\n<li>Alumna: Guadalupe Antonella Lujan<\/li>\n<\/ul>\n<p><strong><span style=\"color: #3366ff;\">Departamento 25 de Mayo<\/span><\/strong><\/p>\n<ul>\n<li>Escuela Bartolom\u00e9 del Bono<\/li>\n<li>Alumna: Brenda Julieta C\u00f3rdoba<\/li>\n<\/ul>\n<p><span style=\"color: #3366ff;\"><strong>Departamento Ullum<\/strong><\/span><\/p>\n<ul>\n<li>Escuela Benjam\u00edn Lenoir<\/li>\n<li>Alumna: Keila Guti\u00e9rrez Mulero<\/li>\n<\/ul>\n<p><strong><span style=\"color: #3366ff;\">Departamento Zonda<\/span><\/strong><\/p>\n<ul>\n<li>Escuela Rafael Obligado<\/li>\n<li>Alumna: Luisana Agostina Rojas Carbajal<\/li>\n<\/ul>\n","protected":false},"excerpt":{"rendered":"<p>El Domingo, 20 de Junio, alumnos de cuarto grado realizaron la Promesa de Lealtad a la Bandera Nacional, organizado por<\/p>\n","protected":false},"author":3,"featured_media":38929,"comment_status":"closed","ping_status":"closed","sticky":false,"template":"","format":"standard","meta":{"_acf_changed":false,"_seopress_robots_primary_cat":"none","_seopress_titles_title":"","_seopress_titles_desc":"","_seopress_robots_index":"","colormag_page_container_layout":"default_layout","colormag_page_sidebar_layout":"default_layout","footnotes":""},"categories":[1],"tags":[],"class_list":["post-38926","post","type-post","status-publish","format-standard","has-post-thumbnail","hentry","category-destacadas"],"acf":[],"_links":{"self":[{"href":"https:\/\/vocesparalelas.com.ar\/sitio\/wp-json\/wp\/v2\/posts\/38926","targetHints":{"allow":["GET"]}}],"collection":[{"href":"https:\/\/vocesparalelas.com.ar\/sitio\/wp-json\/wp\/v2\/posts"}],"about":[{"href":"https:\/\/vocesparalelas.com.ar\/sitio\/wp-json\/wp\/v2\/types\/post"}],"author":[{"embeddable":true,"href":"https:\/\/vocesparalelas.com.ar\/sitio\/wp-json\/wp\/v2\/users\/3"}],"replies":[{"embeddable":true,"href":"https:\/\/vocesparalelas.com.ar\/sitio\/wp-json\/wp\/v2\/comments?post=38926"}],"version-history":[{"count":1,"href":"https:\/\/vocesparalelas.com.ar\/sitio\/wp-json\/wp\/v2\/posts\/38926\/revisions"}],"predecessor-version":[{"id":38930,"href":"https:\/\/vocesparalelas.com.ar\/sitio\/wp-json\/wp\/v2\/posts\/38926\/revisions\/38930"}],"wp:featuredmedia":[{"embeddable":true,"href":"https:\/\/vocesparalelas.com.ar\/sitio\/wp-json\/wp\/v2\/media\/38929"}],"wp:attachment":[{"href":"https:\/\/vocesparalelas.com.ar\/sitio\/wp-json\/wp\/v2\/media?parent=38926"}],"wp:term":[{"taxonomy":"category","embeddable":true,"href":"https:\/\/vocesparalelas.com.ar\/sitio\/wp-json\/wp\/v2\/categories?post=38926"},{"taxonomy":"post_tag","embeddable":true,"href":"https:\/\/vocesparalelas.com.ar\/sitio\/wp-json\/wp\/v2\/tags?post=38926"}],"curies":[{"name":"wp","href":"https:\/\/api.w.org\/{rel}","templated":true}]}}