{"id":38907,"date":"2021-06-19T21:29:27","date_gmt":"2021-06-20T00:29:27","guid":{"rendered":"http:\/\/vocesparalelas.com.ar\/sitio\/?p=38907"},"modified":"2021-06-19T21:29:27","modified_gmt":"2021-06-20T00:29:27","slug":"continuan-las-refacciones-integrales-de-los-edificios-escolares-tras-el-terremoto-del-18-de-enero-en-san-juan","status":"publish","type":"post","link":"https:\/\/vocesparalelas.com.ar\/sitio\/continuan-las-refacciones-integrales-de-los-edificios-escolares-tras-el-terremoto-del-18-de-enero-en-san-juan\/","title":{"rendered":"Contin\u00faan las refacciones integrales de los edificios escolares tras el terremoto del 18 de Enero en San Juan"},"content":{"rendered":"<p>Tras el fuerte evento s\u00edsmico ocurrido el 18 de enero en la Provincia, desde el Ministerio de Obras y Servicios P\u00fablicos del Gobierno de San Juan, a trav\u00e9s de la Direcci\u00f3n de Infraestructura Escolar, se llevaron a cabo diversas acciones.<\/p>\n<p>En primer lugar, se realiz\u00f3 un relevamiento y evaluaci\u00f3n de todos los edificios educativos reportados como da\u00f1ados. Luego del an\u00e1lisis con especialistas, se ejecutaron trabajos de diversa \u00edndole en 37 edificios que lo requer\u00edan.<\/p>\n<p>Posteriormente, se cre\u00f3 el Programa de Emergencia para la Refacci\u00f3n Integral en Edificios Escolares -Post Terremoto &#8211; PERIET 2021 -, a trav\u00e9s del cual se trabaja en la consolidaci\u00f3n, refacci\u00f3n y\/o sustituci\u00f3n de casi 40 escuelas.<\/p>\n<p>Este programa permiti\u00f3 el financiamiento de Naci\u00f3n, que sumado a fondos provinciales, est\u00e1n destin\u00e1ndose a obras urgentes en los departamentos de Capital, Caucete, Chimbas, Pocito, Rivadavia, Rawson, Sarmiento, Angaco, J\u00e1chal, Albard\u00f3n y 9 de Julio.<\/p>\n<p><img loading=\"lazy\" decoding=\"async\" class=\"alignnone size-medium wp-image-38911\" src=\"https:\/\/vocesparalelas.com.ar\/sitio\/wp-content\/uploads\/2021\/06\/ESCUELAS-TERREMOTO-02-300x164.jpg\" alt=\"\" width=\"300\" height=\"164\" srcset=\"https:\/\/vocesparalelas.com.ar\/sitio\/wp-content\/uploads\/2021\/06\/ESCUELAS-TERREMOTO-02-300x164.jpg 300w, https:\/\/vocesparalelas.com.ar\/sitio\/wp-content\/uploads\/2021\/06\/ESCUELAS-TERREMOTO-02-768x419.jpg 768w, https:\/\/vocesparalelas.com.ar\/sitio\/wp-content\/uploads\/2021\/06\/ESCUELAS-TERREMOTO-02.jpg 800w\" sizes=\"auto, (max-width: 300px) 100vw, 300px\" \/> <img loading=\"lazy\" decoding=\"async\" class=\"alignnone size-medium wp-image-38910\" src=\"https:\/\/vocesparalelas.com.ar\/sitio\/wp-content\/uploads\/2021\/06\/ESCUELAS-TERREMOTO-01-300x165.jpg\" alt=\"\" width=\"300\" height=\"165\" srcset=\"https:\/\/vocesparalelas.com.ar\/sitio\/wp-content\/uploads\/2021\/06\/ESCUELAS-TERREMOTO-01-300x165.jpg 300w, https:\/\/vocesparalelas.com.ar\/sitio\/wp-content\/uploads\/2021\/06\/ESCUELAS-TERREMOTO-01-768x423.jpg 768w, https:\/\/vocesparalelas.com.ar\/sitio\/wp-content\/uploads\/2021\/06\/ESCUELAS-TERREMOTO-01.jpg 800w\" sizes=\"auto, (max-width: 300px) 100vw, 300px\" \/><\/p>\n<p>Con estas nuevas obras, los edificios mejorar\u00e1n su condici\u00f3n estructural y tambi\u00e9n sus instalaciones el\u00e9ctricas, sanitarias, cubiertas de techos, entre otras caracter\u00edsticas que garantizar\u00e1n \u00f3ptimas condiciones edilicias para la comunidad educativa.<\/p>\n<p><iframe loading=\"lazy\" title=\"Programa PERIET 2021\" width=\"800\" height=\"450\" src=\"https:\/\/www.youtube.com\/embed\/nEvP0jGESes?feature=oembed\" frameborder=\"0\" allow=\"accelerometer; autoplay; clipboard-write; encrypted-media; gyroscope; picture-in-picture\" allowfullscreen><\/iframe><\/p>\n<p>&nbsp;<\/p>\n<p>&nbsp;<\/p>\n<p>&nbsp;<\/p>\n","protected":false},"excerpt":{"rendered":"<p>Tras el fuerte evento s\u00edsmico ocurrido el 18 de enero en la Provincia, desde el Ministerio de Obras y Servicios<\/p>\n","protected":false},"author":3,"featured_media":38909,"comment_status":"closed","ping_status":"closed","sticky":false,"template":"","format":"video","meta":{"_acf_changed":false,"_seopress_robots_primary_cat":"none","_seopress_titles_title":"","_seopress_titles_desc":"","_seopress_robots_index":"","colormag_page_container_layout":"default_layout","colormag_page_sidebar_layout":"default_layout","footnotes":""},"categories":[1,7],"tags":[],"class_list":["post-38907","post","type-post","status-publish","format-video","has-post-thumbnail","hentry","category-destacadas","category-videos","post_format-post-format-video"],"acf":[],"_links":{"self":[{"href":"https:\/\/vocesparalelas.com.ar\/sitio\/wp-json\/wp\/v2\/posts\/38907","targetHints":{"allow":["GET"]}}],"collection":[{"href":"https:\/\/vocesparalelas.com.ar\/sitio\/wp-json\/wp\/v2\/posts"}],"about":[{"href":"https:\/\/vocesparalelas.com.ar\/sitio\/wp-json\/wp\/v2\/types\/post"}],"author":[{"embeddable":true,"href":"https:\/\/vocesparalelas.com.ar\/sitio\/wp-json\/wp\/v2\/users\/3"}],"replies":[{"embeddable":true,"href":"https:\/\/vocesparalelas.com.ar\/sitio\/wp-json\/wp\/v2\/comments?post=38907"}],"version-history":[{"count":1,"href":"https:\/\/vocesparalelas.com.ar\/sitio\/wp-json\/wp\/v2\/posts\/38907\/revisions"}],"predecessor-version":[{"id":38912,"href":"https:\/\/vocesparalelas.com.ar\/sitio\/wp-json\/wp\/v2\/posts\/38907\/revisions\/38912"}],"wp:featuredmedia":[{"embeddable":true,"href":"https:\/\/vocesparalelas.com.ar\/sitio\/wp-json\/wp\/v2\/media\/38909"}],"wp:attachment":[{"href":"https:\/\/vocesparalelas.com.ar\/sitio\/wp-json\/wp\/v2\/media?parent=38907"}],"wp:term":[{"taxonomy":"category","embeddable":true,"href":"https:\/\/vocesparalelas.com.ar\/sitio\/wp-json\/wp\/v2\/categories?post=38907"},{"taxonomy":"post_tag","embeddable":true,"href":"https:\/\/vocesparalelas.com.ar\/sitio\/wp-json\/wp\/v2\/tags?post=38907"}],"curies":[{"name":"wp","href":"https:\/\/api.w.org\/{rel}","templated":true}]}}