{"id":38901,"date":"2021-06-19T13:36:47","date_gmt":"2021-06-19T16:36:47","guid":{"rendered":"http:\/\/vocesparalelas.com.ar\/sitio\/?p=38901"},"modified":"2021-06-19T13:56:57","modified_gmt":"2021-06-19T16:56:57","slug":"ganadores-del-concurso-fotografico-otra-forma-de-mirar","status":"publish","type":"post","link":"https:\/\/vocesparalelas.com.ar\/sitio\/ganadores-del-concurso-fotografico-otra-forma-de-mirar\/","title":{"rendered":"Ganadores del Concurso fotogr\u00e1fico \u201cOtra forma de mirar\u201d"},"content":{"rendered":"<p>En el SUM del Hospital Dr. Guillermo Rawson se llev\u00f3 a cabo la entrega de premios correspondiente al concurso \u201cOtra forma de mirar\u201d, organizado por la Sociedad Argentina de Pediatr\u00eda y que cont\u00f3 con el apoyo de la Secretar\u00eda de Estado de Ciencia, T\u00e9cnica e Innovaci\u00f3n &#8211; SECITI.<\/p>\n<p>El objetivo de dicho concurso fue transmitir a trav\u00e9s de la fotograf\u00eda la contenci\u00f3n en una sociedad m\u00e1s inclusiva para todos los ni\u00f1os, ni\u00f1as y adolescentes con discapacidades.<\/p>\n<p>La iniciativa convoc\u00f3 a fot\u00f3grafos aficionados, profesionales y familias a participar del concurso.<\/p>\n<p>El Equipo del Centro de Fisuras de Labio Alveolo Palatinas &#8211; CENFILAP particip\u00f3 en este concurso y recibi\u00f3 menciones especiales por las obras presentadas junto a un relato que resalt\u00f3 las destrezas deportivas, sentimientos, valores y situaciones cotidianas de dos adolescentes, manifestando el esfuerzo que realiza cada uno de ellos en su tratamiento interdisciplinario para poder prevenir la discapacidad.<\/p>\n<p>Es importante destacar, que la Secci\u00f3n Fonoaudiolog\u00eda del Hospital Dr. Guillermo Rawson, obtuvo el primer premio por la obra \u201cTe escucho, tu m\u00fasica me conecta\u201d de la autora Cintia Ridao.<\/p>\n<p>A su vez, se hicieron dos menciones especiales a las obras \u201cNada me frena\u201d de Santiago Molina y \u201cCaso 2\u201d de Anal\u00eda Gonz\u00e1lez, las mismas pertenecen al Centro de Fisuras de Labio Alveolo Palatinas de la provincia de San Juan &#8211; CENFILAP.<\/p>\n<p>La mesa acad\u00e9mica estuvo formada por Javier Coria, director de Competitividad y Vinculaci\u00f3n Tecnol\u00f3gica de la SECITI; Lenka Dumandzic, presidenta de la Sociedad Argentina de Pediatr\u00eda Filial San Juan; Laura Asad, presidenta del Comit\u00e9 Organizador; Mar\u00eda Ram\u00edrez, directora M\u00e9dica del Hospital Dr. Guillermo Rawson.<\/p>\n<p>En la oportunidad, el Dr. Javier Coria destac\u00f3 la importancia del concurso y la participaci\u00f3n de profesionales de la fotograf\u00eda que con su trabajo expuesto en el concurso permitieron mostrar el trabajo de los profesionales de salud con chicos y adolescentes discapacitados.<\/p>\n<p>En cuanto a la premiaci\u00f3n, se tuvo en cuenta si el trabajo era a t\u00edtulo individual o en representaci\u00f3n de alguna instituci\u00f3n y por lo tanto se establecieron dos categor\u00edas a ser premiadas.<\/p>\n<p>El jurado estuvo integrado por la Laura Saad, Paula Urrestarazu y Silvia Intruvini, presidenta, vicepresidenta y secretaria Cient\u00edfica del Congreso, respectivamente; la fot\u00f3grafa Andrea Lavia Prat y Juan Bautista Dartiguelongue, secretario de Medios y Relaciones Comunitarias de la Comisi\u00f3n Directiva de la Sociedad Argentina de Pediatr\u00eda.<\/p>\n<p>En cuanto a la categor\u00eda Individual el resultado fue:<\/p>\n<ul>\n<li>Primer premio: Esperanza y futuro- Lorena Beatriz Iacobone de la Ciudad Aut\u00f3noma de Buenos Aires<\/li>\n<li>Segundo premio: Soy un ganador &#8211; Gonzalo Ra\u00fal Tejada Vidable de la ciudad de Chimbas en la Provincia de San Juan<\/li>\n<li>Menci\u00f3n 2: Danza, amor y arte- Dar\u00edo Fernando Gonz\u00e1lez de la ciudad de San Juan<\/li>\n<\/ul>\n<p>En categor\u00eda Institucional el resultado fue:<\/p>\n<ul>\n<li>Primer premio: Te escucho, tu m\u00fasica me conecta-Cintia Rindao representando a la Secci\u00f3n Fonoaudiolog\u00eda Hospital Dr. Guillermo Rawson.<\/li>\n<li>Segundo premio: La nueva normalidad- Adri\u00e1n Podrabinek representando Escuela de Educaci\u00f3n Especial Graciela Cibeira de Cantoni, Ciudad de Santa Luc\u00eda en la Provincia de San Juan Menci\u00f3n 1: Nada me frena -Santiago Molina, representando a Centro de Fisuras de Labio Alveolo Palatinas, Provincia de San Juan<\/li>\n<li>Menci\u00f3n 2 : Caso 2- Anal\u00eda Gonz\u00e1lez representando Centro de Fisuras de Labio Alveolo Palatinas, Provincia de San Juan.<\/li>\n<\/ul>\n<p>La Secretar\u00eda de Estado de Ciencia, Tecnolog\u00eda e Innovaci\u00f3n don\u00f3 a los ganadores sanjuaninos tablets de \u00faltima generaci\u00f3n.<\/p>\n<p>Las obras premiadas quedar\u00e1n en posesi\u00f3n de la Sociedad Argentina de Pediatr\u00eda, y podr\u00e1n ser enviadas y utilizadas por los organizadores del concurso para la promoci\u00f3n del mismo.<\/p>\n<p>&nbsp;<\/p>\n<p><img loading=\"lazy\" decoding=\"async\" class=\"alignnone wp-image-38904 size-full\" src=\"https:\/\/vocesparalelas.com.ar\/sitio\/wp-content\/uploads\/2021\/06\/HGR-CONCURSO-02.jpg\" alt=\"\" width=\"800\" height=\"530\" srcset=\"https:\/\/vocesparalelas.com.ar\/sitio\/wp-content\/uploads\/2021\/06\/HGR-CONCURSO-02.jpg 800w, https:\/\/vocesparalelas.com.ar\/sitio\/wp-content\/uploads\/2021\/06\/HGR-CONCURSO-02-300x199.jpg 300w, https:\/\/vocesparalelas.com.ar\/sitio\/wp-content\/uploads\/2021\/06\/HGR-CONCURSO-02-768x509.jpg 768w\" sizes=\"auto, (max-width: 800px) 100vw, 800px\" \/><\/p>\n<p>&nbsp;<\/p>\n","protected":false},"excerpt":{"rendered":"<p>En el SUM del Hospital Dr. Guillermo Rawson se llev\u00f3 a cabo la entrega de premios correspondiente al concurso \u201cOtra<\/p>\n","protected":false},"author":3,"featured_media":38903,"comment_status":"closed","ping_status":"closed","sticky":false,"template":"","format":"standard","meta":{"_acf_changed":false,"_seopress_robots_primary_cat":"none","_seopress_titles_title":"","_seopress_titles_desc":"","_seopress_robots_index":"","colormag_page_container_layout":"default_layout","colormag_page_sidebar_layout":"default_layout","footnotes":""},"categories":[1],"tags":[],"class_list":["post-38901","post","type-post","status-publish","format-standard","has-post-thumbnail","hentry","category-destacadas"],"acf":[],"_links":{"self":[{"href":"https:\/\/vocesparalelas.com.ar\/sitio\/wp-json\/wp\/v2\/posts\/38901","targetHints":{"allow":["GET"]}}],"collection":[{"href":"https:\/\/vocesparalelas.com.ar\/sitio\/wp-json\/wp\/v2\/posts"}],"about":[{"href":"https:\/\/vocesparalelas.com.ar\/sitio\/wp-json\/wp\/v2\/types\/post"}],"author":[{"embeddable":true,"href":"https:\/\/vocesparalelas.com.ar\/sitio\/wp-json\/wp\/v2\/users\/3"}],"replies":[{"embeddable":true,"href":"https:\/\/vocesparalelas.com.ar\/sitio\/wp-json\/wp\/v2\/comments?post=38901"}],"version-history":[{"count":1,"href":"https:\/\/vocesparalelas.com.ar\/sitio\/wp-json\/wp\/v2\/posts\/38901\/revisions"}],"predecessor-version":[{"id":38905,"href":"https:\/\/vocesparalelas.com.ar\/sitio\/wp-json\/wp\/v2\/posts\/38901\/revisions\/38905"}],"wp:featuredmedia":[{"embeddable":true,"href":"https:\/\/vocesparalelas.com.ar\/sitio\/wp-json\/wp\/v2\/media\/38903"}],"wp:attachment":[{"href":"https:\/\/vocesparalelas.com.ar\/sitio\/wp-json\/wp\/v2\/media?parent=38901"}],"wp:term":[{"taxonomy":"category","embeddable":true,"href":"https:\/\/vocesparalelas.com.ar\/sitio\/wp-json\/wp\/v2\/categories?post=38901"},{"taxonomy":"post_tag","embeddable":true,"href":"https:\/\/vocesparalelas.com.ar\/sitio\/wp-json\/wp\/v2\/tags?post=38901"}],"curies":[{"name":"wp","href":"https:\/\/api.w.org\/{rel}","templated":true}]}}