{"id":38898,"date":"2021-06-19T13:00:49","date_gmt":"2021-06-19T16:00:49","guid":{"rendered":"http:\/\/vocesparalelas.com.ar\/sitio\/?p=38898"},"modified":"2021-06-21T23:18:08","modified_gmt":"2021-06-22T02:18:08","slug":"nuevo-cronograma-de-inscripcion-ingreso-a-la-docencia-e-interinatos-y-suplencias-2022","status":"publish","type":"post","link":"https:\/\/vocesparalelas.com.ar\/sitio\/nuevo-cronograma-de-inscripcion-ingreso-a-la-docencia-e-interinatos-y-suplencias-2022\/","title":{"rendered":"Nuevo cronograma de inscripci\u00f3n \u00abIngreso a la Docencia e Interinatos y Suplencias 2022\u00bb"},"content":{"rendered":"<p>La Junta de Clasificaci\u00f3n Docente Rama Primaria del Ministerio de Educaci\u00f3n del Gobierno de San Juan informa a los docentes las nuevas fechas asignadas a los turnos para la inscripci\u00f3n al concurso de Ingreso a la Docencia e Interinatos y Suplencias a\u00f1o 2022.<\/p>\n<p><span style=\"color: #339966;\"><strong>Nuevo cronograma<\/strong><\/span><\/p>\n<ul>\n<li>Los turnos del 01 de Junio pasan al 22 de Junio<\/li>\n<li>Los turnos del 02 de Junio pasan al 23 de Junio<\/li>\n<li>Los turnos del 03 de Junio pasan al 24 de Junio<\/li>\n<li>Los turnos del 04 de Junio pasan al 25 de Junio<\/li>\n<\/ul>\n<p>La instancia presencial se realiza en la sede la Junta, Tucum\u00e1n 75 &#8211; N &#8211; Capital, en la nueva fecha, pero respetando el horario que le fue consignado en el comprobante del turno online.<\/p>\n<p>&nbsp;<\/p>\n<p>&nbsp;<\/p>\n<p>&nbsp;<\/p>\n","protected":false},"excerpt":{"rendered":"<p>La Junta de Clasificaci\u00f3n Docente Rama Primaria del Ministerio de Educaci\u00f3n del Gobierno de San Juan informa a los docentes<\/p>\n","protected":false},"author":3,"featured_media":5000,"comment_status":"closed","ping_status":"closed","sticky":false,"template":"","format":"standard","meta":{"_acf_changed":false,"_seopress_robots_primary_cat":"none","_seopress_titles_title":"","_seopress_titles_desc":"","_seopress_robots_index":"","colormag_page_container_layout":"default_layout","colormag_page_sidebar_layout":"default_layout","footnotes":""},"categories":[5],"tags":[],"class_list":["post-38898","post","type-post","status-publish","format-standard","has-post-thumbnail","hentry","category-ofrecimientos"],"acf":[],"_links":{"self":[{"href":"https:\/\/vocesparalelas.com.ar\/sitio\/wp-json\/wp\/v2\/posts\/38898","targetHints":{"allow":["GET"]}}],"collection":[{"href":"https:\/\/vocesparalelas.com.ar\/sitio\/wp-json\/wp\/v2\/posts"}],"about":[{"href":"https:\/\/vocesparalelas.com.ar\/sitio\/wp-json\/wp\/v2\/types\/post"}],"author":[{"embeddable":true,"href":"https:\/\/vocesparalelas.com.ar\/sitio\/wp-json\/wp\/v2\/users\/3"}],"replies":[{"embeddable":true,"href":"https:\/\/vocesparalelas.com.ar\/sitio\/wp-json\/wp\/v2\/comments?post=38898"}],"version-history":[{"count":1,"href":"https:\/\/vocesparalelas.com.ar\/sitio\/wp-json\/wp\/v2\/posts\/38898\/revisions"}],"predecessor-version":[{"id":38900,"href":"https:\/\/vocesparalelas.com.ar\/sitio\/wp-json\/wp\/v2\/posts\/38898\/revisions\/38900"}],"wp:featuredmedia":[{"embeddable":true,"href":"https:\/\/vocesparalelas.com.ar\/sitio\/wp-json\/wp\/v2\/media\/5000"}],"wp:attachment":[{"href":"https:\/\/vocesparalelas.com.ar\/sitio\/wp-json\/wp\/v2\/media?parent=38898"}],"wp:term":[{"taxonomy":"category","embeddable":true,"href":"https:\/\/vocesparalelas.com.ar\/sitio\/wp-json\/wp\/v2\/categories?post=38898"},{"taxonomy":"post_tag","embeddable":true,"href":"https:\/\/vocesparalelas.com.ar\/sitio\/wp-json\/wp\/v2\/tags?post=38898"}],"curies":[{"name":"wp","href":"https:\/\/api.w.org\/{rel}","templated":true}]}}