{"id":38892,"date":"2021-06-19T12:25:59","date_gmt":"2021-06-19T15:25:59","guid":{"rendered":"http:\/\/vocesparalelas.com.ar\/sitio\/?p=38892"},"modified":"2021-06-19T12:25:59","modified_gmt":"2021-06-19T15:25:59","slug":"el-rector-de-la-unsj-dr-oscar-nasisi-presidio-la-ultima-sesion-del-consejo-superior","status":"publish","type":"post","link":"https:\/\/vocesparalelas.com.ar\/sitio\/el-rector-de-la-unsj-dr-oscar-nasisi-presidio-la-ultima-sesion-del-consejo-superior\/","title":{"rendered":"El rector de la UNSJ, Dr. Oscar Nasisi presidi\u00f3 la \u00faltima sesi\u00f3n del Consejo Superior"},"content":{"rendered":"<p>Convocada de urgencia para definir una nueva fecha de elecciones despu\u00e9s de que la C\u00e1mara Federal de Mendoza se expidiera reconociendo los derechos pol\u00edticos de los docentes regularizados por el art\u00edculo 73 del Convenio Colectivo, la reuni\u00f3n del Consejo Superior fue la \u00faltima antes de la asunci\u00f3n de las nuevas autoridades, prevista para el 15 de Julio.<\/p>\n<p>Al t\u00e9rmino del encuentro virtual, el rector de la UNSJ, Dr. Oscar Nasisi, que preside el cuerpo, pidi\u00f3 un momento para agradecer y reconocer el trabajo de los consejeros durante todos estos a\u00f1os.\u00a0\u201cQuiero reconocer a todos y a cada uno de ustedes -dijo- porque mucho de lo que es hoy la Universidad Nacional de San Juan tiene que ver con lo actuado en \u00e9ste Consejo Superior\u201d.<\/p>\n<p>Nasisi, que volver\u00eda a su actividad docente en la Facultad de Ingenier\u00eda seg\u00fan anunci\u00f3, dijo que termina con la sensaci\u00f3n de haber cumplido con una tarea de nueve a\u00f1os en el Rectorado y valor\u00f3 el aporte de todos los estamentos universitarios a su gesti\u00f3n.<\/p>\n<p>\u201cHa sido una tarea muy enriquecedora, he aprendido mucho y me llevo grandes recuerdos\u201d, finaliz\u00f3 el el rector de la UNSJ, Dr. Oscar Nasisi.<\/p>\n<p>&nbsp;<\/p>\n<p>&nbsp;<\/p>\n<p>&nbsp;<\/p>\n<p>&nbsp;<\/p>\n<p>&nbsp;<\/p>\n<p>&nbsp;<\/p>\n","protected":false},"excerpt":{"rendered":"<p>Convocada de urgencia para definir una nueva fecha de elecciones despu\u00e9s de que la C\u00e1mara Federal de Mendoza se expidiera<\/p>\n","protected":false},"author":3,"featured_media":29162,"comment_status":"closed","ping_status":"closed","sticky":false,"template":"","format":"standard","meta":{"_acf_changed":false,"_seopress_robots_primary_cat":"none","_seopress_titles_title":"","_seopress_titles_desc":"","_seopress_robots_index":"","colormag_page_container_layout":"default_layout","colormag_page_sidebar_layout":"default_layout","footnotes":""},"categories":[1],"tags":[],"class_list":["post-38892","post","type-post","status-publish","format-standard","has-post-thumbnail","hentry","category-destacadas"],"acf":[],"_links":{"self":[{"href":"https:\/\/vocesparalelas.com.ar\/sitio\/wp-json\/wp\/v2\/posts\/38892","targetHints":{"allow":["GET"]}}],"collection":[{"href":"https:\/\/vocesparalelas.com.ar\/sitio\/wp-json\/wp\/v2\/posts"}],"about":[{"href":"https:\/\/vocesparalelas.com.ar\/sitio\/wp-json\/wp\/v2\/types\/post"}],"author":[{"embeddable":true,"href":"https:\/\/vocesparalelas.com.ar\/sitio\/wp-json\/wp\/v2\/users\/3"}],"replies":[{"embeddable":true,"href":"https:\/\/vocesparalelas.com.ar\/sitio\/wp-json\/wp\/v2\/comments?post=38892"}],"version-history":[{"count":1,"href":"https:\/\/vocesparalelas.com.ar\/sitio\/wp-json\/wp\/v2\/posts\/38892\/revisions"}],"predecessor-version":[{"id":38894,"href":"https:\/\/vocesparalelas.com.ar\/sitio\/wp-json\/wp\/v2\/posts\/38892\/revisions\/38894"}],"wp:featuredmedia":[{"embeddable":true,"href":"https:\/\/vocesparalelas.com.ar\/sitio\/wp-json\/wp\/v2\/media\/29162"}],"wp:attachment":[{"href":"https:\/\/vocesparalelas.com.ar\/sitio\/wp-json\/wp\/v2\/media?parent=38892"}],"wp:term":[{"taxonomy":"category","embeddable":true,"href":"https:\/\/vocesparalelas.com.ar\/sitio\/wp-json\/wp\/v2\/categories?post=38892"},{"taxonomy":"post_tag","embeddable":true,"href":"https:\/\/vocesparalelas.com.ar\/sitio\/wp-json\/wp\/v2\/tags?post=38892"}],"curies":[{"name":"wp","href":"https:\/\/api.w.org\/{rel}","templated":true}]}}