{"id":38879,"date":"2021-06-18T22:18:42","date_gmt":"2021-06-19T01:18:42","guid":{"rendered":"http:\/\/vocesparalelas.com.ar\/sitio\/?p=38879"},"modified":"2021-06-18T22:18:42","modified_gmt":"2021-06-19T01:18:42","slug":"xxxi-reunion-plenaria-del-bloque-argentino-en-la-union-parlamentaria-sudamericana-y-mercosur","status":"publish","type":"post","link":"https:\/\/vocesparalelas.com.ar\/sitio\/xxxi-reunion-plenaria-del-bloque-argentino-en-la-union-parlamentaria-sudamericana-y-mercosur\/","title":{"rendered":"XXXI reuni\u00f3n plenaria del Bloque Argentino en la Uni\u00f3n Parlamentaria Sudamericana y Mercosur"},"content":{"rendered":"<div class=\"itembody\">\n<div class=\"itemFullText jbintrotext\">\n<p>La diputada Graciela Seva y el diputado Gast\u00f3n Berenguer participaron, junto a legisladores y legisladoras de todo el pa\u00eds, de la XXXI reuni\u00f3n plenaria del Bloque Argentino en la Uni\u00f3n Parlamentaria Sudamericana y Mercosur (U.P.S.M.) en el marco del proceso de integraci\u00f3n y confraternidad regional.<\/p>\n<\/div>\n<div class=\"itemFullText\">\n<p>El encuentro fue llevado a cabo bajo la modalidad mixta y estuvo encabezado por el Vicegobernador de Mendoza, Mario Abed, junto al presidente de la C\u00e1mara de Diputados de Mendoza, Andr\u00e9s Lombardi; el presidente de la U.P.S.M. Emilio Reparaz\u2013 en forma virtual desde Buenos Aires \u2013 y el presidente del Bloque Argentino, Carlos Presas \u2013 en forma virtual desde C\u00f3rdoba.<\/p>\n<p><img loading=\"lazy\" decoding=\"async\" class=\"alignnone wp-image-38884 size-full\" src=\"https:\/\/vocesparalelas.com.ar\/sitio\/wp-content\/uploads\/2021\/06\/CAMARA-FEDERAL-01.jpg\" alt=\"\" width=\"800\" height=\"529\" srcset=\"https:\/\/vocesparalelas.com.ar\/sitio\/wp-content\/uploads\/2021\/06\/CAMARA-FEDERAL-01.jpg 800w, https:\/\/vocesparalelas.com.ar\/sitio\/wp-content\/uploads\/2021\/06\/CAMARA-FEDERAL-01-300x198.jpg 300w, https:\/\/vocesparalelas.com.ar\/sitio\/wp-content\/uploads\/2021\/06\/CAMARA-FEDERAL-01-768x508.jpg 768w\" sizes=\"auto, (max-width: 800px) 100vw, 800px\" \/><\/p>\n<p>Desde San Juan, Graciela Seva y Gast\u00f3n Berenguer, estuvieron conectados virtualmente desde la sala de Situaci\u00f3n de presidencia de la C\u00e1mara de Diputados de la provincia. En la ocasi\u00f3n, el vicegobernador Roberto Gattoni transmiti\u00f3 sus saludos mediante una carta que fue le\u00eda en la presentaci\u00f3n, debido a que se encontraba presidiendo la Sexta Sesi\u00f3n del per\u00edodo ordinario. Tambi\u00e9n participaron la presidente y el vicepresidente de la Comisi\u00f3n de Relaciones Internacionales, Mercosur e Integraci\u00f3n de la C\u00e1mara de Senadores de Mendoza, Hilda Quiroga y Rolando Baldasso, entre otros funcionarios y funcionarias.<\/p>\n<p>Durante la jornada que arranc\u00f3 a las 11 del jueves 17 de junio y finaliz\u00f3 a las 15 horas, abordaron aspectos inherentes a la Salud como planes de vacunaci\u00f3n y la situaci\u00f3n general de la regi\u00f3n y de la Argentina. Tambi\u00e9n, diversas tem\u00e1ticas que giran en torno al turismo: perspectivas de reactivaci\u00f3n; Corredores de conectividad: Ruta 40 y bioce\u00e1nico; Aduanas: transporte de cargas; y Derechos Humanos de los pa\u00edses miembros del MERCOSUR; entre otros temas.<\/p>\n<p>Cabe se\u00f1alar que el Bloque Argentino del Mercosur es una instituci\u00f3n constituida por los cuerpos legislativos de las provincias argentinas que est\u00e1 pr\u00f3ximo a cumplir 20 a\u00f1os de su creaci\u00f3n. Su funci\u00f3n consiste en generar y llevar adelante pol\u00edticas que permitan crear conciencia sobre la importancia de la integraci\u00f3n econ\u00f3mica, social y regional del pa\u00eds en el MERCOSUR, con una visi\u00f3n federal e integracionista con los gobiernos nacionales, provinciales y municipales, incluyendo la participaci\u00f3n de la sociedad civil.<\/p>\n<\/div>\n<\/div>\n<div class=\"imageGallery zenblock\">\n<h3><\/h3>\n<\/div>\n","protected":false},"excerpt":{"rendered":"<p>La diputada Graciela Seva y el diputado Gast\u00f3n Berenguer participaron, junto a legisladores y legisladoras de todo el pa\u00eds, de<\/p>\n","protected":false},"author":3,"featured_media":38882,"comment_status":"closed","ping_status":"closed","sticky":false,"template":"","format":"standard","meta":{"_acf_changed":false,"_seopress_robots_primary_cat":"none","_seopress_titles_title":"","_seopress_titles_desc":"","_seopress_robots_index":"","colormag_page_container_layout":"default_layout","colormag_page_sidebar_layout":"default_layout","footnotes":""},"categories":[1],"tags":[],"class_list":["post-38879","post","type-post","status-publish","format-standard","has-post-thumbnail","hentry","category-destacadas"],"acf":[],"_links":{"self":[{"href":"https:\/\/vocesparalelas.com.ar\/sitio\/wp-json\/wp\/v2\/posts\/38879","targetHints":{"allow":["GET"]}}],"collection":[{"href":"https:\/\/vocesparalelas.com.ar\/sitio\/wp-json\/wp\/v2\/posts"}],"about":[{"href":"https:\/\/vocesparalelas.com.ar\/sitio\/wp-json\/wp\/v2\/types\/post"}],"author":[{"embeddable":true,"href":"https:\/\/vocesparalelas.com.ar\/sitio\/wp-json\/wp\/v2\/users\/3"}],"replies":[{"embeddable":true,"href":"https:\/\/vocesparalelas.com.ar\/sitio\/wp-json\/wp\/v2\/comments?post=38879"}],"version-history":[{"count":1,"href":"https:\/\/vocesparalelas.com.ar\/sitio\/wp-json\/wp\/v2\/posts\/38879\/revisions"}],"predecessor-version":[{"id":38885,"href":"https:\/\/vocesparalelas.com.ar\/sitio\/wp-json\/wp\/v2\/posts\/38879\/revisions\/38885"}],"wp:featuredmedia":[{"embeddable":true,"href":"https:\/\/vocesparalelas.com.ar\/sitio\/wp-json\/wp\/v2\/media\/38882"}],"wp:attachment":[{"href":"https:\/\/vocesparalelas.com.ar\/sitio\/wp-json\/wp\/v2\/media?parent=38879"}],"wp:term":[{"taxonomy":"category","embeddable":true,"href":"https:\/\/vocesparalelas.com.ar\/sitio\/wp-json\/wp\/v2\/categories?post=38879"},{"taxonomy":"post_tag","embeddable":true,"href":"https:\/\/vocesparalelas.com.ar\/sitio\/wp-json\/wp\/v2\/tags?post=38879"}],"curies":[{"name":"wp","href":"https:\/\/api.w.org\/{rel}","templated":true}]}}