{"id":38873,"date":"2021-06-18T21:29:18","date_gmt":"2021-06-19T00:29:18","guid":{"rendered":"http:\/\/vocesparalelas.com.ar\/sitio\/?p=38873"},"modified":"2021-06-18T21:53:55","modified_gmt":"2021-06-19T00:53:55","slug":"nuevas-autoridades-del-consejo-federal-de-ciencia-y-tecnologia-y-san-juan-representada","status":"publish","type":"post","link":"https:\/\/vocesparalelas.com.ar\/sitio\/nuevas-autoridades-del-consejo-federal-de-ciencia-y-tecnologia-y-san-juan-representada\/","title":{"rendered":"Nuevas autoridades del Consejo Federal de Ciencia y Tecnolog\u00eda y San Juan representada"},"content":{"rendered":"<p>Con la presencia del ministro de Ciencia, Tecnolog\u00eda e Innovaci\u00f3n, Dr. Roberto Salvarezza, los miembros del gabinete, la presidenta del CONICET y el presidente de la Agencia I+D+i, se abordaron temas vinculados a la federalizaci\u00f3n y a la participaci\u00f3n de las provincias en el desarrollo del Plan Nacional de Ciencia, Tecnolog\u00eda e Innovaci\u00f3n 2030. Adem\u00e1s, eligieron las nuevas autoridades del Consejo Federal por unanimidad. En ese marco, nuevamente un sanjuanino ocupar\u00e1 un lugar entre las autoridades del organismo: \u00c1ngel Torres estar\u00e1 al frente de la Secretar\u00eda de Asuntos Regalmentarios.<\/p>\n<p>Se llev\u00f3 a cabo la primera Asamblea General del a\u00f1o del Consejo Federal de Ciencia y Tecnolog\u00eda (COFECyT) en la que se trataron temas relativos a la federalizaci\u00f3n de la ciencia y la tecnolog\u00eda y a las asimetr\u00edas provinciales existentes, a la participaci\u00f3n de las jurisdicciones en el Plan Nacional de Ciencia, Tecnolog\u00eda e Innovaci\u00f3n 2030, en especial la confecci\u00f3n de las agendas provinciales y regionales, y a una mayor articulaci\u00f3n de las provincias con los organismos del sistema cient\u00edfico-tecnol\u00f3gico. Adem\u00e1s, los representantes de las 24 jurisdicciones que integran el Consejo Federal designaron, por unanimidad, a las nuevas autoridades del organismo.<\/p>\n<p>El encuentro estuvo encabezado por el ministro de Ciencia, Tecnolog\u00eda e Innovaci\u00f3n y presidente del COFECyT, Roberto Salvarezza, y cont\u00f3 con la coordinaci\u00f3n de la subsecretaria de Federalizaci\u00f3n de la Ciencia, Tecnolog\u00eda e Innovaci\u00f3n, Elisa Colombo. Adem\u00e1s estuvieron presentes la titular de la Unidad Gabinete de Asesores, Carolina Vera; el secretario de Articulaci\u00f3n Cient\u00edfico Tecnol\u00f3gica, Juan Pablo Paz; el secretario de Planeamiento y Pol\u00edticas en Ciencia, Tecnolog\u00eda e Innovaci\u00f3n, Diego Hurtado; la presidenta del Consejo Nacional de Investigaciones Cient\u00edficas y T\u00e9cnicas (CONICET), Ana Franchi y el presidente de la Agencia Nacional de Promoci\u00f3n de la Investigaci\u00f3n, el Desarrollo Tecnol\u00f3gico y la Innovaci\u00f3n (Agencia I+D+i), Fernando Peirano, entre otros funcionarios del MINCyT y autoridades de organismos del sistema cient\u00edfico-tecnol\u00f3gico.<\/p>\n<p>Salvarezza expres\u00f3 a los miembros del Consejo \u201cla voluntad de trabajar sobre un COFECyT mucho m\u00e1s fuerte que pueda contribuir a eliminar progresivamente las asimetr\u00edas en el \u00e1rea de ciencia y tecnolog\u00eda y que podamos tener una mejor distribuci\u00f3n del financiamiento y los recursos humanos. Para ello, contamos con algunos elementos importantes como la recientemente sancionada Ley de Financiamiento del Sistema de Ciencia, Tecnolog\u00eda e Innovaci\u00f3n que contempla una importante participaci\u00f3n para el desarrollo federal de nuestro pa\u00eds en la materia. Nosotros vamos a priorizar todas las iniciativas que tengan las provincias y trabajarlas junto a ustedes en la confecci\u00f3n del Plan Nacional de Ciencia, Tecnolog\u00eda e Innovaci\u00f3n 2030. Se nos abre un cap\u00edtulo muy importante, de un COFECyT distinto, que piense en grande el desarrollo cient\u00edfico-t\u00e9cnico de cada una de las provincias y las regiones, un cap\u00edtulo que debemos construirlo en conjunto\u201d.<\/p>\n<p>Tras la aprobaci\u00f3n del orden del d\u00eda, Elisa Colombo realiz\u00f3 un repaso del trabajo de la Subsecretar\u00eda de Federalizaci\u00f3n junto a los representantes provinciales y destac\u00f3 que el gabinete del MINCyT \u201ctiene como uno de sus ejes centrales llevar adelante pol\u00edticas que buscan acortar las asimetr\u00edas que tenemos entre las provincias. Sabemos que este proceso lleva su tiempo. Gracias al trabajo con otras \u00e1reas del ministerio y con los miembros del COFECyT pudimos identificar las distintas situaciones de las regiones y, dentro de ellas, de cada una de las provincias. Pudimos llevar adelante los CRECyT (Consejos Regionales de Ciencia y Tecnolog\u00eda) con objetivos m\u00e1s focalizados y realizar convocatorias vinculadas al COVID19 para aportar, en el corto plazo, soluciones territoriales a los efectos locales de la pandemia. Adem\u00e1s, logramos actualizar los presupuestos de las convocatorias de proyectos de 2016 y 2017 que estaban muy atrasadas. Tambi\u00e9n estamos trabajando en el Plan Nacional de Ciencia, Tecnolog\u00eda e Innovaci\u00f3n 2030 y junto con diversas \u00e1reas y organismos como con el Programa de Evaluaci\u00f3n Institucional (PEI), el CONICET, en lo que refiere a la pol\u00edtica de federalizaci\u00f3n, y la Agencia de I+D+i, en lo relativo a la promoci\u00f3n. El COFECyT tiene un rol fundamental en el aporte a la mejora del dise\u00f1o de las pol\u00edticas de ciencia y en el objetivo de la federalizaci\u00f3n que impulsamos desde el Ministerio\u201d.<\/p>\n<p>A su turno, Juan Pablo Paz hizo hincapi\u00e9 en la importancia de la articulaci\u00f3n con las provincias para temas cient\u00edficos estrat\u00e9gicos de inter\u00e9s nacional y de la federalizaci\u00f3n \u201cque es una tarea y una pol\u00edtica que asumimos todos los funcionarios y funcionarias del MINCyT y que para nosotros quiere decir poner a disposici\u00f3n los recursos del Ministerio para lograr que el sistema nacional de ciencia y t\u00e9cnica trabaje con las provincias a partir de proyectos definidos por las ellas, y por las regiones que estas integran, que busquen soluciones concretas. Nuestro objetivo es tener en ejecuci\u00f3n al menos un proyecto de envergadura en cada provincia de nuestro pa\u00eds\u201d.<\/p>\n<p>Por su parte, Diego Hurtado se refiri\u00f3 al estado de situaci\u00f3n del Plan Nacional de Ciencia, Tecnolog\u00eda e Innovaci\u00f3n 2030 y mencion\u00f3 los grandes desaf\u00edos del Plan \u201cque ya quedaron definidos y son: ambiente y desarrollo sustentable; pobreza, desigualdad y vulnerabilidad socio-ambiental; soberan\u00eda sanitaria, transformaci\u00f3n digital; transici\u00f3n energ\u00e9tica, Pampa Azul; industria satelital y agroindustria. Sobre cada uno de estos t\u00edtulos estamos trabajando con los ministerios sectoriales luego de haber identificado a los actores y actoras de cada ministerio con quienes podremos desagregar estos temas. Para trabajar en la coordinaci\u00f3n de estos desaf\u00edos, est\u00e1 el trabajo que est\u00e1n desarrollando las provincias en la confecci\u00f3n de las agendas territoriales que deben acompa\u00f1ar los planes de desarrollo provinciales\u201d.<\/p>\n<p>Seguidamente, Fernando Peirano se\u00f1al\u00f3 que la Agencia \u201cest\u00e1 encuadrada y predispuesta a acompa\u00f1ar esta pol\u00edtica de federalizaci\u00f3n que es compartida tanto por todos nosotros como por las provincias\u201d. A continuaci\u00f3n, Ana Franchi detall\u00f3 las convocatorias de ingresos espec\u00edficos para las provincias \u201cpara empezar a poner una presencia m\u00e1s importante del CONICET en lugares donde la cantidad de investigadores e investigadoras es de bajo a mediado. Adem\u00e1s, realizamos ingresos de proyectos especiales por vacancias tem\u00e1ticas definidas por las provincias que buscan cambiar la historia de provincias con mucho desarrollo y provincias con poco desarrollo y promueven una nueva forma de encarar la federalizaci\u00f3n\u201d.<\/p>\n<p>Luego de un espacio donde los representantes de las distintas jurisdicciones intercambiaron miradas y plantearon diversos temas a las autoridades del Ministerio, el flamante vicepresidente del COFECyT, Adri\u00e1n Su\u00e1rez, agradeci\u00f3 la designaci\u00f3n de sus pares y se\u00f1al\u00f3 \u201cel anhelo de que el COFECyT pueda ser un espacio de gesti\u00f3n participativa donde cada uno pueda realizar sus aportes y podamos construir juntos el Consejo que se merecen las provincias\u201d.<\/p>\n<p>Finalmente, los representantes del Consejo Federal procedieron a la elecci\u00f3n de las nuevas autoridades del COFECyT en la relativo a la Asamblea, al Comit\u00e9 Ejecutivo y a los cargos en representaci\u00f3n en otros organismos que fueron apoyadas por unanimidad en cada uno de los casos.<\/p>\n<p><strong><span style=\"color: #339966;\">Nuevas autoridades designadas en COFECyT<\/span><\/strong><\/p>\n<p><span style=\"color: #339966;\"><strong>Cargos de la Asamblea<\/strong><\/span><\/p>\n<ul>\n<li>Vicepresidencia: Adri\u00e1n Su\u00e1rez (Santiago del Estero)<\/li>\n<li>Secretar\u00eda de Presidencia: Marina Baima (Santa Fe)<\/li>\n<li>Secretar\u00eda de Actas: Marisa Sosa Dansey (Corrientes)<\/li>\n<li>Secretar\u00eda de Asuntos Reglamentarios: \u00c1ngel Torres (San Juan)<\/li>\n<li>Secretaria T\u00e9cnica de Apoyo: Mauro Carrasco (Chubut)<\/li>\n<\/ul>\n<p><span style=\"color: #339966;\"><strong>Miembros del Comit\u00e9 Ejecutivo<\/strong><\/span><\/p>\n<ul>\n<li>Regi\u00f3n Centro: Pablo de Chiara (C\u00f3rdoba)<\/li>\n<li>Regi\u00f3n Cuyo: Federico Morabito (Mendoza)<\/li>\n<li>Regi\u00f3n Metropolitana: Federico Saravia (CABA)<\/li>\n<li>Regi\u00f3n NOA: Roberto Tagashira (Tucum\u00e1n)<\/li>\n<li>Regi\u00f3n NEA: Nicol\u00e1s Davi\u00f1a (Misiones)<\/li>\n<li>Regi\u00f3n Patag\u00f3nica: Javier Vaca (Santa Cruz)<\/li>\n<\/ul>\n<p><span style=\"color: #339966;\"><strong>Cargos en representaci\u00f3n del COFECyT en otros organismos<\/strong><\/span><\/p>\n<ul>\n<li>Consejo Consultivo (Ley 23.877-Secc 7 \u2013 Dto. 1331\/96. Art 31)<\/li>\n<li>Titular: Federico Ag\u00fcero (Buenos Aires)<\/li>\n<li>Suplente: Jorge Gerard (Entre R\u00edos)<\/li>\n<\/ul>\n<p><span style=\"color: #339966;\"><strong>Sistema Nacional de Documentaci\u00f3n Hist\u00f3rica (SNDH):<\/strong><\/span><\/p>\n<ul>\n<li>Titular: pendiente de elecci\u00f3n en una pr\u00f3xima reuni\u00f3n<\/li>\n<li>Alterno: pendiente de elecci\u00f3n en una pr\u00f3xima reuni\u00f3n<\/li>\n<\/ul>\n<p>Fuente: argentina.gob.ar<\/p>\n<p>&nbsp;<\/p>\n<p>&nbsp;<\/p>\n","protected":false},"excerpt":{"rendered":"<p>Con la presencia del ministro de Ciencia, Tecnolog\u00eda e Innovaci\u00f3n, Dr. Roberto Salvarezza, los miembros del gabinete, la presidenta del<\/p>\n","protected":false},"author":3,"featured_media":38875,"comment_status":"closed","ping_status":"closed","sticky":false,"template":"","format":"standard","meta":{"_acf_changed":false,"_seopress_robots_primary_cat":"none","_seopress_titles_title":"","_seopress_titles_desc":"","_seopress_robots_index":"","colormag_page_container_layout":"default_layout","colormag_page_sidebar_layout":"default_layout","footnotes":""},"categories":[1],"tags":[],"class_list":["post-38873","post","type-post","status-publish","format-standard","has-post-thumbnail","hentry","category-destacadas"],"acf":[],"_links":{"self":[{"href":"https:\/\/vocesparalelas.com.ar\/sitio\/wp-json\/wp\/v2\/posts\/38873","targetHints":{"allow":["GET"]}}],"collection":[{"href":"https:\/\/vocesparalelas.com.ar\/sitio\/wp-json\/wp\/v2\/posts"}],"about":[{"href":"https:\/\/vocesparalelas.com.ar\/sitio\/wp-json\/wp\/v2\/types\/post"}],"author":[{"embeddable":true,"href":"https:\/\/vocesparalelas.com.ar\/sitio\/wp-json\/wp\/v2\/users\/3"}],"replies":[{"embeddable":true,"href":"https:\/\/vocesparalelas.com.ar\/sitio\/wp-json\/wp\/v2\/comments?post=38873"}],"version-history":[{"count":3,"href":"https:\/\/vocesparalelas.com.ar\/sitio\/wp-json\/wp\/v2\/posts\/38873\/revisions"}],"predecessor-version":[{"id":38878,"href":"https:\/\/vocesparalelas.com.ar\/sitio\/wp-json\/wp\/v2\/posts\/38873\/revisions\/38878"}],"wp:featuredmedia":[{"embeddable":true,"href":"https:\/\/vocesparalelas.com.ar\/sitio\/wp-json\/wp\/v2\/media\/38875"}],"wp:attachment":[{"href":"https:\/\/vocesparalelas.com.ar\/sitio\/wp-json\/wp\/v2\/media?parent=38873"}],"wp:term":[{"taxonomy":"category","embeddable":true,"href":"https:\/\/vocesparalelas.com.ar\/sitio\/wp-json\/wp\/v2\/categories?post=38873"},{"taxonomy":"post_tag","embeddable":true,"href":"https:\/\/vocesparalelas.com.ar\/sitio\/wp-json\/wp\/v2\/tags?post=38873"}],"curies":[{"name":"wp","href":"https:\/\/api.w.org\/{rel}","templated":true}]}}