{"id":38869,"date":"2021-06-18T21:11:18","date_gmt":"2021-06-19T00:11:18","guid":{"rendered":"http:\/\/vocesparalelas.com.ar\/sitio\/?p=38869"},"modified":"2021-06-19T14:00:12","modified_gmt":"2021-06-19T17:00:12","slug":"nuevos-grupos-para-la-vacunacion-contra-el-covid-19-en-san-juan","status":"publish","type":"post","link":"https:\/\/vocesparalelas.com.ar\/sitio\/nuevos-grupos-para-la-vacunacion-contra-el-covid-19-en-san-juan\/","title":{"rendered":"Nuevos grupos para la vacunaci\u00f3n contra el COVID-19 en San Juan"},"content":{"rendered":"<p>La ministro de Salud dl Gobierno de San Juan, Dra. Alejandra Venerando, acompa\u00f1ada por las jefas de Epidemiologia, Dra. M\u00f3nica Jofr\u00e9 y de Inmunizaciones, Lic. Marita Sosa, anunci\u00f3 una ampliaci\u00f3n en los grupos etarios de vacunaci\u00f3n, que forma parte del plan provincial que se est\u00e1 implementando en la provincia.<\/p>\n<p><img loading=\"lazy\" decoding=\"async\" class=\"alignnone wp-image-38871 size-full\" src=\"https:\/\/vocesparalelas.com.ar\/sitio\/wp-content\/uploads\/2021\/06\/VACUNA-NUEVOS.jpg\" alt=\"\" width=\"800\" height=\"521\" srcset=\"https:\/\/vocesparalelas.com.ar\/sitio\/wp-content\/uploads\/2021\/06\/VACUNA-NUEVOS.jpg 800w, https:\/\/vocesparalelas.com.ar\/sitio\/wp-content\/uploads\/2021\/06\/VACUNA-NUEVOS-300x195.jpg 300w, https:\/\/vocesparalelas.com.ar\/sitio\/wp-content\/uploads\/2021\/06\/VACUNA-NUEVOS-768x500.jpg 768w\" sizes=\"auto, (max-width: 800px) 100vw, 800px\" \/><\/p>\n<p>Por ello, la Dra. Venerando expres\u00f3 que \u00abla vacunaci\u00f3n contra el COVID-19 alcanzar\u00e1, como nuevas incorporaciones, a los sanjuaninos de 40 a 49 a\u00f1os sin comorbilidades y a las personas mayores 18 a\u00f1os consideradas esenciales durante la pandemia\u00bb.<\/p>\n<p>La calificaci\u00f3n, seg\u00fan la ministro, est\u00e1 fundamentada en la Ley provincial de Necesidad y Urgencia N\u00b0 2114 y el decreto acuerdo N\u00b0 55, tambi\u00e9n de la provincia.<\/p>\n<p>Adem\u00e1s, subray\u00f3 que \u00abeste gran esfuerzo que hace el Gobierno de San Juan, por decisi\u00f3n del gobernador Dr. Sergio U\u00f1ac, en conjunto con el Ministerio de Salud y de todo su equipo de vacunadores, es absolutamente comprometido e importante a la hora de llevar a cabo el Programa Provincial de Inmunizaci\u00f3n. La intenci\u00f3n del Gobierno es seguir cuidando la salud de los sanjuaninos y generar mayor inmunidad en la poblaci\u00f3n que esta mucho m\u00e1s expuesta\u201d.<\/p>\n<p>\u201cDesde mi lugar quiero agradecer a todo el equipo de salud que est\u00e1 trabajando denodadamente, es fundamental que sigamos teniendo en cuenta las medidas de cuidado, que son trascendentales para disminuir la comorbilidad y la morbilidad de muchas personas en nuestra provincia\u201d, cerr\u00f3 la titular de la cartera sanitaria.<\/p>\n<p><span style=\"color: #ff0000;\"><strong>Personal considerado esenciales durante la pandemia en la provincia de San Juan<\/strong><\/span><\/p>\n<ol>\n<li>Recolecci\u00f3n, transporte y tratamiento de residuos s\u00f3lidos urbanos, peligrosos y patog\u00e9nicos.<\/li>\n<li>Transporte p\u00fablico de pasajeros esenciales, transporte de mercader\u00edas, petr\u00f3leo, combustibles y GLP, personal de estaciones de servicio.<\/li>\n<li>Mantenimiento de los servicios b\u00e1sicos (agua, electricidad, gas, comunicaciones, etc.) y atenci\u00f3n de emergencias.<\/li>\n<li>Personas afectadas a la realizaci\u00f3n de servicios funerarios, entierros y cremaciones.<\/li>\n<li>Personal que se desempe\u00f1a en los servicios de comunicaci\u00f3n audiovisuales, radiales y gr\u00e1ficos.<\/li>\n<li>Personal de los servicios de justicia con atenci\u00f3n al p\u00fablico, conforme establezcan las autoridades competentes.<\/li>\n<li>Personas que deban asistir a otras con discapacidad y comorbilidades, a familiares que necesiten asistencia, a personas mayores, a ni\u00f1os, a ni\u00f1as o a adolescentes.<\/li>\n<li>Personal de Supermercados mayoristas y minoristas y comercios minoristas de proximidad de alimentos, higiene personal y limpieza. Farmacias. Ferreter\u00edas. Veterinarias. Provisi\u00f3n de garrafas.<\/li>\n<li>Actividades de telecomunicaciones, internet fija y m\u00f3vil y servicios digitales.<\/li>\n<li>Personal bancario con atenci\u00f3n al p\u00fablico.<\/li>\n<li>Reparto a domicilio de alimentos, medicamentos, productos de higiene, de limpieza y otros insumos de necesidad.<\/li>\n<li>Personal de hoteles, restaurantes, locales de comidas preparadas y locales de comidas r\u00e1pidas, con servicios de reparto domiciliario.<\/li>\n<li>Actividad minera de proceso continuo.<\/li>\n<li>Industrias de alimentaci\u00f3n, su cadena productiva e insumos; de higiene personal y limpieza; de equipamiento m\u00e9dico, medicamentos, vacunas y otros insumos sanitarios, en los t\u00e9rminos del art\u00edculo 3\u00b0 de la Decisi\u00f3n Administrativa PEN N\u00b0 429\/20.<\/li>\n<li>Personas afectadas a la atenci\u00f3n de comedores escolares, comunitarios y merenderos.<\/li>\n<li>Actividad registral nacional y provincial.<\/li>\n<li>Personal de organismos de recaudaci\u00f3n.<\/li>\n<li>Servicios postales y de distribuci\u00f3n de paqueter\u00eda. El comercio por v\u00eda electr\u00f3nica (e-commerce) en modalidad de entrega a domicilio o delivery.<\/li>\n<li>Personal de servicios esenciales de vigilancia, limpieza y guardia.<\/li>\n<li>Trabajadores y trabajadoras del sector p\u00fablico nacional, provincial y municipal con atenci\u00f3n al p\u00fablico. Autoridades de Gobierno nacional, provincial y municipal.<\/li>\n<\/ol>\n<p>Se pueden inscribir desde el S\u00e1bado, 19 de Junio para la vacunaci\u00f3n contra el COVID-19.<\/p>\n<p>A partir del Martes, 22 de Junio se comienza con la colocaci\u00f3n de la primera dosis contra el COVID-19.<\/p>\n<p>Se pueden inscribir desde el S\u00e1bado, 19 de Junio en<\/p>\n<p style=\"text-align: center;\"><a href=\"http:\/\/www.sisanjuan.gob.ar\/vacunacionsanjuan\">www.sisanjuan.gob.ar\/vacunacionsanjuan<\/a><\/p>\n<p>para obtener un turno para la colocaci\u00f3n de la primera dosis contra el COVID-19.<\/p>\n<p><u><\/u>Las personas que se inscriban y completen el formulario recibir\u00e1n un mensaje de texto del 40340. Para poder comenzar a vacunarse a partir del Martes, 22 de Junio, informando d\u00eda, horario y centro de vacunaci\u00f3n asignado.<\/p>\n<p><span style=\"color: #ff0000;\"><strong>Requiisitos<\/strong><\/span><\/p>\n<ul>\n<li>Presentar DNI<\/li>\n<li>Constancia de turno<\/li>\n<li>Certificado de la entidad donde pertenece<\/li>\n<\/ul>\n<p><span style=\"color: #ff0000;\"><strong>Personas entre 40 a 49 a\u00f1os sin comorbilidades pueden inscribirse desde el S\u00e1bado, 19 de Junio, para la vacunaci\u00f3n contra el COVID-19<\/strong><\/span><\/p>\n<p>A partir del Martes, 22 de Junio se comienza con la Vacunaci\u00f3n para la Colocaci\u00f3n de la primera dosis contra el COVID-19.<\/p>\n<p>En el marco de la continuidad del Plan Provincial de Vacunaci\u00f3n, el Gobierno de la Provincia de San Juan, a trav\u00e9s del Ministerio de Salud P\u00fablica comunica que a partir del S\u00e1bado, 19 de Junio, se pueden inscribir personas de entre 40 a 49 a\u00f1os sin comorbilidades en<\/p>\n<p style=\"text-align: center;\"><a href=\"http:\/\/www.sisanjuan.gob.ar\/vacunacionsanjuan\">www.sisanjuan.gob.ar\/vacunacionsanjuan<\/a><\/p>\n<p>para obtener un turno para la colocaci\u00f3n de la primera dosis contra el COVID-19.<\/p>\n<p>Las personas que se inscriban y completen el formulario recibir\u00e1n un mensaje de texto del 40340. Para poder comenzarse a vacunar a partir del Martes, 22 de Junio, informando d\u00eda, horario y centro de vacunaci\u00f3n asignado.<\/p>\n<p><span style=\"color: #ff0000;\"><strong>El d\u00eda que tengan asignado el turno es necesario que presenten los siguientes requisitos:<\/strong><\/span><\/p>\n<ul>\n<li>Presentar DNI<\/li>\n<li>Constancia de turno<\/li>\n<li>Sin s\u00edntomas<\/li>\n<\/ul>\n<p>&nbsp;<\/p>\n<p>&nbsp;<\/p>\n<p>&nbsp;<\/p>\n","protected":false},"excerpt":{"rendered":"<p>La ministro de Salud dl Gobierno de San Juan, Dra. Alejandra Venerando, acompa\u00f1ada por las jefas de Epidemiologia, Dra. M\u00f3nica<\/p>\n","protected":false},"author":3,"featured_media":38362,"comment_status":"closed","ping_status":"closed","sticky":false,"template":"","format":"standard","meta":{"_acf_changed":false,"_seopress_robots_primary_cat":"none","_seopress_titles_title":"","_seopress_titles_desc":"","_seopress_robots_index":"","colormag_page_container_layout":"default_layout","colormag_page_sidebar_layout":"default_layout","footnotes":""},"categories":[6],"tags":[],"class_list":["post-38869","post","type-post","status-publish","format-standard","has-post-thumbnail","hentry","category-eventos"],"acf":[],"_links":{"self":[{"href":"https:\/\/vocesparalelas.com.ar\/sitio\/wp-json\/wp\/v2\/posts\/38869","targetHints":{"allow":["GET"]}}],"collection":[{"href":"https:\/\/vocesparalelas.com.ar\/sitio\/wp-json\/wp\/v2\/posts"}],"about":[{"href":"https:\/\/vocesparalelas.com.ar\/sitio\/wp-json\/wp\/v2\/types\/post"}],"author":[{"embeddable":true,"href":"https:\/\/vocesparalelas.com.ar\/sitio\/wp-json\/wp\/v2\/users\/3"}],"replies":[{"embeddable":true,"href":"https:\/\/vocesparalelas.com.ar\/sitio\/wp-json\/wp\/v2\/comments?post=38869"}],"version-history":[{"count":1,"href":"https:\/\/vocesparalelas.com.ar\/sitio\/wp-json\/wp\/v2\/posts\/38869\/revisions"}],"predecessor-version":[{"id":38872,"href":"https:\/\/vocesparalelas.com.ar\/sitio\/wp-json\/wp\/v2\/posts\/38869\/revisions\/38872"}],"wp:featuredmedia":[{"embeddable":true,"href":"https:\/\/vocesparalelas.com.ar\/sitio\/wp-json\/wp\/v2\/media\/38362"}],"wp:attachment":[{"href":"https:\/\/vocesparalelas.com.ar\/sitio\/wp-json\/wp\/v2\/media?parent=38869"}],"wp:term":[{"taxonomy":"category","embeddable":true,"href":"https:\/\/vocesparalelas.com.ar\/sitio\/wp-json\/wp\/v2\/categories?post=38869"},{"taxonomy":"post_tag","embeddable":true,"href":"https:\/\/vocesparalelas.com.ar\/sitio\/wp-json\/wp\/v2\/tags?post=38869"}],"curies":[{"name":"wp","href":"https:\/\/api.w.org\/{rel}","templated":true}]}}