{"id":38864,"date":"2021-06-18T19:00:09","date_gmt":"2021-06-18T22:00:09","guid":{"rendered":"http:\/\/vocesparalelas.com.ar\/sitio\/?p=38864"},"modified":"2021-06-19T21:32:16","modified_gmt":"2021-06-20T00:32:16","slug":"el-consejo-superior-de-la-unsj-aprobo-el-jueves-24-de-junio-de-2021-las-elecciones-universitarias","status":"publish","type":"post","link":"https:\/\/vocesparalelas.com.ar\/sitio\/el-consejo-superior-de-la-unsj-aprobo-el-jueves-24-de-junio-de-2021-las-elecciones-universitarias\/","title":{"rendered":"El Consejo Superior de la UNSJ aprob\u00f3 el Jueves, 24 de Junio de 2021 las elecciones universitarias"},"content":{"rendered":"<p>En la tarde de este viernes 18 de junio, el Consejo Superior de la UNSJ, en sesi\u00f3n extraordinaria, aprob\u00f3 que la realizaci\u00f3n de las elecciones universitarias ser\u00e1n el pr\u00f3ximo jueves 24 de junio de 2021. La decisi\u00f3n fue tomada por una gran mayor\u00eda, luego de que la presidenta de la Junta Electoral de esta Universidad, Mar\u00eda Laura Monserrat, indicara el plan que esa Junta ten\u00eda confeccionado para el momento de restablecer el calendario electoral. La sesi\u00f3n del Consejo Superior se dio en el mismo d\u00eda en que la C\u00e1mara Federal de Mendoza dejara sin efecto la resoluci\u00f3n que hab\u00eda suspendido el acto electoral de esta casa de estudios, que estaba programado para el 10 de junio pasado.<\/p>\n<p>As\u00ed las cosas, la propuesta de la Junta Electoral de la UNSJ aprobada qued\u00f3 de la siguiente manera: 24 de junio, primera vuelta; 29 sorteo por estamento de egresados; 1 de julio, segunda vuelta. Luego, el 8 de julio, proclamaci\u00f3n, y el 15 de julio, asunci\u00f3n de autoridades. \u201cHemos tomado el calendario y replicado en consecuencia a partir del 24 de junio\u201d, explic\u00f3 Mar\u00eda Laura Monserrat.<\/p>\n<p><span style=\"color: #99cc00;\"><strong>Pago de becas<\/strong><\/span><\/p>\n<p>El pago de Becas de Apoyo Econ\u00f3mico 2021 que otorga la Universidad Nacional de San Juan y que estaba previsto iniciar el 24 de junio, de esta manera pasa al viernes 25 de junio a la ma\u00f1ana y a la tarde.<\/p>\n<p>&nbsp;<\/p>\n<p>&nbsp;<\/p>\n<p>&nbsp;<\/p>\n","protected":false},"excerpt":{"rendered":"<p>En la tarde de este viernes 18 de junio, el Consejo Superior de la UNSJ, en sesi\u00f3n extraordinaria, aprob\u00f3 que<\/p>\n","protected":false},"author":3,"featured_media":36750,"comment_status":"closed","ping_status":"closed","sticky":false,"template":"","format":"standard","meta":{"_acf_changed":false,"_seopress_robots_primary_cat":"none","_seopress_titles_title":"","_seopress_titles_desc":"","_seopress_robots_index":"","colormag_page_container_layout":"default_layout","colormag_page_sidebar_layout":"default_layout","footnotes":""},"categories":[10],"tags":[],"class_list":["post-38864","post","type-post","status-publish","format-standard","has-post-thumbnail","hentry","category-opiniones"],"acf":[],"_links":{"self":[{"href":"https:\/\/vocesparalelas.com.ar\/sitio\/wp-json\/wp\/v2\/posts\/38864","targetHints":{"allow":["GET"]}}],"collection":[{"href":"https:\/\/vocesparalelas.com.ar\/sitio\/wp-json\/wp\/v2\/posts"}],"about":[{"href":"https:\/\/vocesparalelas.com.ar\/sitio\/wp-json\/wp\/v2\/types\/post"}],"author":[{"embeddable":true,"href":"https:\/\/vocesparalelas.com.ar\/sitio\/wp-json\/wp\/v2\/users\/3"}],"replies":[{"embeddable":true,"href":"https:\/\/vocesparalelas.com.ar\/sitio\/wp-json\/wp\/v2\/comments?post=38864"}],"version-history":[{"count":1,"href":"https:\/\/vocesparalelas.com.ar\/sitio\/wp-json\/wp\/v2\/posts\/38864\/revisions"}],"predecessor-version":[{"id":38866,"href":"https:\/\/vocesparalelas.com.ar\/sitio\/wp-json\/wp\/v2\/posts\/38864\/revisions\/38866"}],"wp:featuredmedia":[{"embeddable":true,"href":"https:\/\/vocesparalelas.com.ar\/sitio\/wp-json\/wp\/v2\/media\/36750"}],"wp:attachment":[{"href":"https:\/\/vocesparalelas.com.ar\/sitio\/wp-json\/wp\/v2\/media?parent=38864"}],"wp:term":[{"taxonomy":"category","embeddable":true,"href":"https:\/\/vocesparalelas.com.ar\/sitio\/wp-json\/wp\/v2\/categories?post=38864"},{"taxonomy":"post_tag","embeddable":true,"href":"https:\/\/vocesparalelas.com.ar\/sitio\/wp-json\/wp\/v2\/tags?post=38864"}],"curies":[{"name":"wp","href":"https:\/\/api.w.org\/{rel}","templated":true}]}}