{"id":38861,"date":"2021-06-18T15:06:56","date_gmt":"2021-06-18T18:06:56","guid":{"rendered":"http:\/\/vocesparalelas.com.ar\/sitio\/?p=38861"},"modified":"2021-06-19T13:58:44","modified_gmt":"2021-06-19T16:58:44","slug":"inscripcion-para-interinatos-y-suplencias-2022-de-los-gabinetes-tecnicos-interdisciplinarios","status":"publish","type":"post","link":"https:\/\/vocesparalelas.com.ar\/sitio\/inscripcion-para-interinatos-y-suplencias-2022-de-los-gabinetes-tecnicos-interdisciplinarios\/","title":{"rendered":"Inscripci\u00f3n para interinatos y suplencias 2022 de los Gabinetes T\u00e9cnicos Interdisciplinarios"},"content":{"rendered":"<p>La Junta de Calificaci\u00f3n y Clasificaci\u00f3n de Gabinetes T\u00e9cnicos Interdisciplinarios de Educaci\u00f3n convoca a profesionales en Psicolog\u00eda, Psicopedagog\u00eda, Trabajo Social, Fonoaudiolog\u00eda, Terapia Ocupacional y Kinesiolog\u00eda a inscripci\u00f3n para Interinatos y Suplencias 2022, de acuerdo a la Resoluci\u00f3n N\u00b0 2155.-ME-2021 desde el 02\/08 al 30\/09 del 2021, en horario de 8 a 13 horas.<\/p>\n<p>Los postulantes deben solicitar turno online en la p\u00e1gina del Ministerio de Educaci\u00f3n <a href=\"http:\/\/http\/\/educaci\u00f3n.sanjuan.gob.ar\">http:\/\/http\/\/educaci\u00f3n.sanjuan.gob.ar<\/a>\u00a0en la plataforma de la Junta de Clasificaci\u00f3n y Calificaci\u00f3n de Gabinetes T\u00e9cnicos Interdisciplinarios de Educaci\u00f3n, la que se habilitar\u00e1 a partir del 22 de junio al 8 de julio inclusive.<\/p>\n<p>Tras el turno concedido, la inscripci\u00f3n se realizar\u00e1 el d\u00eda y horario establecido bajo estricto protocolo sanitario preventivo en la sede de la Junta ubicada en calle Hip\u00f3lito Irigoyen 1515 (e) esquina Circunvalaci\u00f3n.<\/p>\n<p>Adem\u00e1s se llevar\u00e1 a cabo la valoraci\u00f3n y notificaci\u00f3n del puntaje, para lo cual el interesado debe disponer de 60 minutos (una hora).<\/p>\n<p>El aspirante debe concurrir con su carpeta ordenada y organizada seg\u00fan el valorador vigente (Resoluci\u00f3n N\u00b0 11213-ME-16), la que debe contener la solicitud de inscripci\u00f3n, Declaraci\u00f3n Jurada de Residencia, Declaraci\u00f3n Jurada de Cargos. Estas se pueden descargar de la p\u00e1gina del Ministerio de Educaci\u00f3n y se deben imprimir y completar con todos los datos requeridos.<\/p>\n<p>Para mayor informaci\u00f3n o consultas, llamar en horario de 8 a 13 al 4302345.<\/p>\n<p>&nbsp;<\/p>\n<p>&nbsp;<\/p>\n<p>&nbsp;<\/p>\n","protected":false},"excerpt":{"rendered":"<p>La Junta de Calificaci\u00f3n y Clasificaci\u00f3n de Gabinetes T\u00e9cnicos Interdisciplinarios de Educaci\u00f3n convoca a profesionales en Psicolog\u00eda, Psicopedagog\u00eda, Trabajo Social,<\/p>\n","protected":false},"author":3,"featured_media":28629,"comment_status":"closed","ping_status":"closed","sticky":false,"template":"","format":"standard","meta":{"_acf_changed":false,"_seopress_robots_primary_cat":"none","_seopress_titles_title":"","_seopress_titles_desc":"","_seopress_robots_index":"","colormag_page_container_layout":"default_layout","colormag_page_sidebar_layout":"default_layout","footnotes":""},"categories":[5],"tags":[],"class_list":["post-38861","post","type-post","status-publish","format-standard","has-post-thumbnail","hentry","category-ofrecimientos"],"acf":[],"_links":{"self":[{"href":"https:\/\/vocesparalelas.com.ar\/sitio\/wp-json\/wp\/v2\/posts\/38861","targetHints":{"allow":["GET"]}}],"collection":[{"href":"https:\/\/vocesparalelas.com.ar\/sitio\/wp-json\/wp\/v2\/posts"}],"about":[{"href":"https:\/\/vocesparalelas.com.ar\/sitio\/wp-json\/wp\/v2\/types\/post"}],"author":[{"embeddable":true,"href":"https:\/\/vocesparalelas.com.ar\/sitio\/wp-json\/wp\/v2\/users\/3"}],"replies":[{"embeddable":true,"href":"https:\/\/vocesparalelas.com.ar\/sitio\/wp-json\/wp\/v2\/comments?post=38861"}],"version-history":[{"count":1,"href":"https:\/\/vocesparalelas.com.ar\/sitio\/wp-json\/wp\/v2\/posts\/38861\/revisions"}],"predecessor-version":[{"id":38863,"href":"https:\/\/vocesparalelas.com.ar\/sitio\/wp-json\/wp\/v2\/posts\/38861\/revisions\/38863"}],"wp:featuredmedia":[{"embeddable":true,"href":"https:\/\/vocesparalelas.com.ar\/sitio\/wp-json\/wp\/v2\/media\/28629"}],"wp:attachment":[{"href":"https:\/\/vocesparalelas.com.ar\/sitio\/wp-json\/wp\/v2\/media?parent=38861"}],"wp:term":[{"taxonomy":"category","embeddable":true,"href":"https:\/\/vocesparalelas.com.ar\/sitio\/wp-json\/wp\/v2\/categories?post=38861"},{"taxonomy":"post_tag","embeddable":true,"href":"https:\/\/vocesparalelas.com.ar\/sitio\/wp-json\/wp\/v2\/tags?post=38861"}],"curies":[{"name":"wp","href":"https:\/\/api.w.org\/{rel}","templated":true}]}}