{"id":38851,"date":"2021-06-18T13:00:13","date_gmt":"2021-06-18T16:00:13","guid":{"rendered":"http:\/\/vocesparalelas.com.ar\/sitio\/?p=38851"},"modified":"2021-06-18T22:28:31","modified_gmt":"2021-06-19T01:28:31","slug":"el-cs-de-la-unsj-define-la-nueva-fecha-de-elecciones","status":"publish","type":"post","link":"https:\/\/vocesparalelas.com.ar\/sitio\/el-cs-de-la-unsj-define-la-nueva-fecha-de-elecciones\/","title":{"rendered":"El CS de la UNSJ define la nueva fecha de elecciones"},"content":{"rendered":"<p>Luego que se conociera la resoluci\u00f3n de la C\u00e1mara Federal de Mendoza, que rechaz\u00f3 el recurso interpuesto por la ex consejera M\u00f3nica Morvillo, se supo que el Consejo Superior fue convocado para el Viernes, 18 de Junio, a las 17 hs.; en forma virtual.<\/p>\n<p>La \u00fanica finalidad de la convocatoria es definir la nueva fecha de elecciones 2021.<\/p>\n<p>&nbsp;<\/p>\n<p>&nbsp;<\/p>\n","protected":false},"excerpt":{"rendered":"<p>Luego que se conociera la resoluci\u00f3n de la C\u00e1mara Federal de Mendoza, que rechaz\u00f3 el recurso interpuesto por la ex<\/p>\n","protected":false},"author":3,"featured_media":38589,"comment_status":"closed","ping_status":"closed","sticky":false,"template":"","format":"standard","meta":{"_acf_changed":false,"_seopress_robots_primary_cat":"none","_seopress_titles_title":"","_seopress_titles_desc":"","_seopress_robots_index":"","colormag_page_container_layout":"default_layout","colormag_page_sidebar_layout":"default_layout","footnotes":""},"categories":[1],"tags":[],"class_list":["post-38851","post","type-post","status-publish","format-standard","has-post-thumbnail","hentry","category-destacadas"],"acf":[],"_links":{"self":[{"href":"https:\/\/vocesparalelas.com.ar\/sitio\/wp-json\/wp\/v2\/posts\/38851","targetHints":{"allow":["GET"]}}],"collection":[{"href":"https:\/\/vocesparalelas.com.ar\/sitio\/wp-json\/wp\/v2\/posts"}],"about":[{"href":"https:\/\/vocesparalelas.com.ar\/sitio\/wp-json\/wp\/v2\/types\/post"}],"author":[{"embeddable":true,"href":"https:\/\/vocesparalelas.com.ar\/sitio\/wp-json\/wp\/v2\/users\/3"}],"replies":[{"embeddable":true,"href":"https:\/\/vocesparalelas.com.ar\/sitio\/wp-json\/wp\/v2\/comments?post=38851"}],"version-history":[{"count":2,"href":"https:\/\/vocesparalelas.com.ar\/sitio\/wp-json\/wp\/v2\/posts\/38851\/revisions"}],"predecessor-version":[{"id":38854,"href":"https:\/\/vocesparalelas.com.ar\/sitio\/wp-json\/wp\/v2\/posts\/38851\/revisions\/38854"}],"wp:featuredmedia":[{"embeddable":true,"href":"https:\/\/vocesparalelas.com.ar\/sitio\/wp-json\/wp\/v2\/media\/38589"}],"wp:attachment":[{"href":"https:\/\/vocesparalelas.com.ar\/sitio\/wp-json\/wp\/v2\/media?parent=38851"}],"wp:term":[{"taxonomy":"category","embeddable":true,"href":"https:\/\/vocesparalelas.com.ar\/sitio\/wp-json\/wp\/v2\/categories?post=38851"},{"taxonomy":"post_tag","embeddable":true,"href":"https:\/\/vocesparalelas.com.ar\/sitio\/wp-json\/wp\/v2\/tags?post=38851"}],"curies":[{"name":"wp","href":"https:\/\/api.w.org\/{rel}","templated":true}]}}