{"id":38847,"date":"2021-06-18T14:35:10","date_gmt":"2021-06-18T17:35:10","guid":{"rendered":"http:\/\/vocesparalelas.com.ar\/sitio\/?p=38847"},"modified":"2021-06-18T14:35:10","modified_gmt":"2021-06-18T17:35:10","slug":"la-camara-federal-de-mendoza-rechazo-el-recurso-interpuesto-por-monica-morvillo","status":"publish","type":"post","link":"https:\/\/vocesparalelas.com.ar\/sitio\/la-camara-federal-de-mendoza-rechazo-el-recurso-interpuesto-por-monica-morvillo\/","title":{"rendered":"La C\u00e1mara Federal de Mendoza rechaz\u00f3 el recurso interpuesto por M\u00f3nica Morvillo"},"content":{"rendered":"<p>Se informa que la C\u00e1mara Federal de Mendoza por unanimidad rechaz\u00f3 el pedido de M\u00f3nica Morvillo. De esta manera se levanta la medida previsional que suspendi\u00f3 las elecciones previstas el pasado 10 de junio.<\/p>\n<p>Asimismo\u00a0se habilita el desarrollo correspondiente de las Elecciones Universitarias 2021.<\/p>\n<p><span style=\"color: #339966;\"><strong> Este es el texto de la resoluci\u00f3n:<\/strong><\/span><\/p>\n<p><em>Por lo expuesto, por UNANIMIDAD, SE RESUELVE: <\/em><\/p>\n<p><em> 1) RECHAZAR el recurso directo interpuesto por la Sra. M\u00f3nica Cristina Morvillo en fecha 26\/04\/2021, consecuentemente, DEJAR SIN EFECTO la medida provisional dispuesta en fechas 9\/6\/2021 y su confirmaci\u00f3n de fecha 11\/06\/2021; <\/em><\/p>\n<p><em> 2) COSTAS a la actora vencida (conf. art. 68 del CPCCN); <\/em><\/p>\n<p><em> 3) REGULAR los honorarios de los profesionales intervinientes conforme a lo estipulado en el considerando n\u00b0 20 de la presente resoluci\u00f3n. Texto completo en archivo adjunto.<\/em><\/p>\n<p><span style=\"color: #339966;\"><strong>Documento Adjunto<\/strong><\/span><\/p>\n<p><a href=\"https:\/\/vocesparalelas.com.ar\/sitio\/wp-content\/uploads\/2021\/06\/UNSJ-document-1_5570_040.pdf\">UNSJ-document-1_5570_040<\/a><\/p>\n<p>&nbsp;<\/p>\n<p><img loading=\"lazy\" decoding=\"async\" class=\"alignnone wp-image-38612 size-full\" src=\"https:\/\/vocesparalelas.com.ar\/sitio\/wp-content\/uploads\/2021\/06\/UNSJ-ELECCIONES-02.jpg\" alt=\"\" width=\"800\" height=\"533\" srcset=\"https:\/\/vocesparalelas.com.ar\/sitio\/wp-content\/uploads\/2021\/06\/UNSJ-ELECCIONES-02.jpg 800w, https:\/\/vocesparalelas.com.ar\/sitio\/wp-content\/uploads\/2021\/06\/UNSJ-ELECCIONES-02-300x200.jpg 300w, https:\/\/vocesparalelas.com.ar\/sitio\/wp-content\/uploads\/2021\/06\/UNSJ-ELECCIONES-02-768x512.jpg 768w\" sizes=\"auto, (max-width: 800px) 100vw, 800px\" \/><\/p>\n","protected":false},"excerpt":{"rendered":"<p>Se informa que la C\u00e1mara Federal de Mendoza por unanimidad rechaz\u00f3 el pedido de M\u00f3nica Morvillo. De esta manera se<\/p>\n","protected":false},"author":3,"featured_media":38771,"comment_status":"closed","ping_status":"closed","sticky":false,"template":"","format":"standard","meta":{"_acf_changed":false,"_seopress_robots_primary_cat":"none","_seopress_titles_title":"","_seopress_titles_desc":"","_seopress_robots_index":"","colormag_page_container_layout":"default_layout","colormag_page_sidebar_layout":"default_layout","footnotes":""},"categories":[1],"tags":[],"class_list":["post-38847","post","type-post","status-publish","format-standard","has-post-thumbnail","hentry","category-destacadas"],"acf":[],"_links":{"self":[{"href":"https:\/\/vocesparalelas.com.ar\/sitio\/wp-json\/wp\/v2\/posts\/38847","targetHints":{"allow":["GET"]}}],"collection":[{"href":"https:\/\/vocesparalelas.com.ar\/sitio\/wp-json\/wp\/v2\/posts"}],"about":[{"href":"https:\/\/vocesparalelas.com.ar\/sitio\/wp-json\/wp\/v2\/types\/post"}],"author":[{"embeddable":true,"href":"https:\/\/vocesparalelas.com.ar\/sitio\/wp-json\/wp\/v2\/users\/3"}],"replies":[{"embeddable":true,"href":"https:\/\/vocesparalelas.com.ar\/sitio\/wp-json\/wp\/v2\/comments?post=38847"}],"version-history":[{"count":1,"href":"https:\/\/vocesparalelas.com.ar\/sitio\/wp-json\/wp\/v2\/posts\/38847\/revisions"}],"predecessor-version":[{"id":38850,"href":"https:\/\/vocesparalelas.com.ar\/sitio\/wp-json\/wp\/v2\/posts\/38847\/revisions\/38850"}],"wp:featuredmedia":[{"embeddable":true,"href":"https:\/\/vocesparalelas.com.ar\/sitio\/wp-json\/wp\/v2\/media\/38771"}],"wp:attachment":[{"href":"https:\/\/vocesparalelas.com.ar\/sitio\/wp-json\/wp\/v2\/media?parent=38847"}],"wp:term":[{"taxonomy":"category","embeddable":true,"href":"https:\/\/vocesparalelas.com.ar\/sitio\/wp-json\/wp\/v2\/categories?post=38847"},{"taxonomy":"post_tag","embeddable":true,"href":"https:\/\/vocesparalelas.com.ar\/sitio\/wp-json\/wp\/v2\/tags?post=38847"}],"curies":[{"name":"wp","href":"https:\/\/api.w.org\/{rel}","templated":true}]}}