{"id":38841,"date":"2021-06-18T00:52:52","date_gmt":"2021-06-18T03:52:52","guid":{"rendered":"http:\/\/vocesparalelas.com.ar\/sitio\/?p=38841"},"modified":"2021-06-18T00:54:57","modified_gmt":"2021-06-18T03:54:57","slug":"se-suspenden-las-actividades-educativas-en-todas-las-escuelas-del-departamento-de-valle-fertil-por-desinfeccion","status":"publish","type":"post","link":"https:\/\/vocesparalelas.com.ar\/sitio\/se-suspenden-las-actividades-educativas-en-todas-las-escuelas-del-departamento-de-valle-fertil-por-desinfeccion\/","title":{"rendered":"Se suspenden las actividades educativas en todas las Escuelas del Departamento de Valle F\u00e9rtil por desinfecci\u00f3n"},"content":{"rendered":"<p>El Ministerio de Educaci\u00f3n del Gobierno de San Juan informa a la comunidad de Valle F\u00e9rtil que el Viernes, 18 y el S\u00e1bado, 19 de Junio, se suspende la actividad escolar debido a que est\u00e1 programada la desinfecci\u00f3n de los establecimientos escolares del departamento.<\/p>\n<p>En una acci\u00f3n articulada entre los ministerios de Educaci\u00f3n y de Gobierno, y el intendente de Valle F\u00e9rtil, Omar Ortiz, la sanitizaci\u00f3n se realiza con amonio cuaternario, de acuerdo al Protocolo Jurisdiccional Resoluci\u00f3n 242-ME-2021 y la Resoluci\u00f3n N 371 del Consejo Federal de Educaci\u00f3n, cuya aplicaci\u00f3n est\u00e1 a cargo de personal municipal.<\/p>\n<p>La actividad escolar se reanuda el Martes, 22 de Junio, en todas las instituciones educativas del departamento, en los diferentes niveles y modalidades tanto de gesti\u00f3n estatal como privada.<\/p>\n<p>&nbsp;<\/p>\n<p>&nbsp;<\/p>\n","protected":false},"excerpt":{"rendered":"<p>El Ministerio de Educaci\u00f3n del Gobierno de San Juan informa a la comunidad de Valle F\u00e9rtil que el Viernes, 18<\/p>\n","protected":false},"author":3,"featured_media":28629,"comment_status":"closed","ping_status":"closed","sticky":false,"template":"","format":"standard","meta":{"_acf_changed":false,"_seopress_robots_primary_cat":"none","_seopress_titles_title":"","_seopress_titles_desc":"","_seopress_robots_index":"","colormag_page_container_layout":"default_layout","colormag_page_sidebar_layout":"default_layout","footnotes":""},"categories":[1],"tags":[],"class_list":["post-38841","post","type-post","status-publish","format-standard","has-post-thumbnail","hentry","category-destacadas"],"acf":[],"_links":{"self":[{"href":"https:\/\/vocesparalelas.com.ar\/sitio\/wp-json\/wp\/v2\/posts\/38841","targetHints":{"allow":["GET"]}}],"collection":[{"href":"https:\/\/vocesparalelas.com.ar\/sitio\/wp-json\/wp\/v2\/posts"}],"about":[{"href":"https:\/\/vocesparalelas.com.ar\/sitio\/wp-json\/wp\/v2\/types\/post"}],"author":[{"embeddable":true,"href":"https:\/\/vocesparalelas.com.ar\/sitio\/wp-json\/wp\/v2\/users\/3"}],"replies":[{"embeddable":true,"href":"https:\/\/vocesparalelas.com.ar\/sitio\/wp-json\/wp\/v2\/comments?post=38841"}],"version-history":[{"count":2,"href":"https:\/\/vocesparalelas.com.ar\/sitio\/wp-json\/wp\/v2\/posts\/38841\/revisions"}],"predecessor-version":[{"id":38844,"href":"https:\/\/vocesparalelas.com.ar\/sitio\/wp-json\/wp\/v2\/posts\/38841\/revisions\/38844"}],"wp:featuredmedia":[{"embeddable":true,"href":"https:\/\/vocesparalelas.com.ar\/sitio\/wp-json\/wp\/v2\/media\/28629"}],"wp:attachment":[{"href":"https:\/\/vocesparalelas.com.ar\/sitio\/wp-json\/wp\/v2\/media?parent=38841"}],"wp:term":[{"taxonomy":"category","embeddable":true,"href":"https:\/\/vocesparalelas.com.ar\/sitio\/wp-json\/wp\/v2\/categories?post=38841"},{"taxonomy":"post_tag","embeddable":true,"href":"https:\/\/vocesparalelas.com.ar\/sitio\/wp-json\/wp\/v2\/tags?post=38841"}],"curies":[{"name":"wp","href":"https:\/\/api.w.org\/{rel}","templated":true}]}}