{"id":38824,"date":"2021-06-17T21:15:24","date_gmt":"2021-06-18T00:15:24","guid":{"rendered":"http:\/\/vocesparalelas.com.ar\/sitio\/?p=38824"},"modified":"2021-06-18T19:39:07","modified_gmt":"2021-06-18T22:39:07","slug":"se-reintegra-el-personal-de-la-unsj-a-sus-lugares-de-trabajo","status":"publish","type":"post","link":"https:\/\/vocesparalelas.com.ar\/sitio\/se-reintegra-el-personal-de-la-unsj-a-sus-lugares-de-trabajo\/","title":{"rendered":"Se reintegra el Personal de la UNSJ a sus lugares de trabajo"},"content":{"rendered":"<p>La Universidad Nacional de San Juan dispuso que a partir del Martes, 22 de Junio \u201cel personal que se encuentre gozando de dispensa del deber de asistencia al lugar de trabajo (\u2026) que hubiere recibido al menos la primera dosis de cualquiera de las vacunas destinadas a generar inmunidad adquirida contra el Covid 19, independientemente de la edad y condici\u00f3n de riesgo, transcurridos 14 d\u00edas de la inoculaci\u00f3n, deber\u00e1 presentarse para desarrollar sus tareas habituales en forma presencial\u201d.<\/p>\n<p>El Art\u00edculo 2 de la Resoluci\u00f3n 1284\/2021-R establece que \u201cel personal convocado deber\u00e1 presentar el Formulario de Declaraci\u00f3n Jurada que obra en el Anexo de la presente, descargar Documento Adjunto de la Resolucio\u0301n N\u00ba 1284, en los Servicios de Personal de cada dependencia de la Universidad, adjuntando copia de la constancia fehaciente de la vacunaci\u00f3n y completando el Apartado I del mismo. El agente que no ha sido vacunado deber\u00e1 completar el Apartado II y manifestar, con car\u00e1cter de declaraci\u00f3n jurada, los motivos por los cuales no accedi\u00f3 a la vacunaci\u00f3n. Si los mismos son justificados por el Departamento de Control M\u00e9dico, puede continuar con la dispensa, en caso contrario, sin m\u00e1s debe presentarse a desempe\u00f1ar sus tareas en forma habitual y presencial\u201d.<\/p>\n<p>El Art\u00edculo 3, en tanto, menciona los casos de quienes pueden seguir con la dispensa de presentarse a trabajar, a saber:<\/p>\n<ul>\n<li><span style=\"color: #339966;\"><strong>P<\/strong><strong>ersonas con inmunodeficiencia:<\/strong><\/span> Cong\u00e9nita, asplenia funcional o anat\u00f3mica (incluida anemia drepanoc\u00edtica) y desnutrici\u00f3n grave. &#8211; VIH, dependiendo del estatus (&lt; de 350 CD4 o con carga viral detectable) \u2013 Personas con medicaci\u00f3n inmunosupresora o corticoides en altas dosis (mayor a 2 mg\/kg\/d\u00eda de metilprednisona o m\u00e1s de 20 mg\/d\u00eda o su equivalente por m\u00e1s de 14 d\u00edas)<\/li>\n<li><span style=\"color: #339966;\"><strong>Pacientes oncol\u00f3gicos y trasplantados:<\/strong><\/span> con enfermedad oncohematol\u00f3gica hasta seis meses posteriores a la remisi\u00f3n completa. \u2013Con tumor de \u00f3rgano s\u00f3lido en tratamiento \u2013 Trasplantados de \u00f3rganos s\u00f3lidos o de precursores hematopoy\u00e9ticos.<\/li>\n<\/ul>\n<p>El otorgamiento de esta dispensa es competencia del Departamento de Control M\u00e9dico.<\/p>\n<p><strong><span style=\"color: #339966;\">Documento Adjunto<\/span><\/strong><\/p>\n<p><a href=\"https:\/\/vocesparalelas.com.ar\/sitio\/wp-content\/uploads\/2021\/06\/UNSJ-Resolucio\u0301n_No_1284-21-R_5569_0.pdf\">UNSJ-Resolucio\u0301n_N\u00ba_1284-21-R_5569_0<\/a><\/p>\n","protected":false},"excerpt":{"rendered":"<p>La Universidad Nacional de San Juan dispuso que a partir del Martes, 22 de Junio \u201cel personal que se encuentre<\/p>\n","protected":false},"author":3,"featured_media":37900,"comment_status":"closed","ping_status":"closed","sticky":false,"template":"","format":"standard","meta":{"_acf_changed":false,"_seopress_robots_primary_cat":"none","_seopress_titles_title":"","_seopress_titles_desc":"","_seopress_robots_index":"","colormag_page_container_layout":"default_layout","colormag_page_sidebar_layout":"default_layout","footnotes":""},"categories":[2],"tags":[],"class_list":["post-38824","post","type-post","status-publish","format-standard","has-post-thumbnail","hentry","category-convocatorias"],"acf":[],"_links":{"self":[{"href":"https:\/\/vocesparalelas.com.ar\/sitio\/wp-json\/wp\/v2\/posts\/38824","targetHints":{"allow":["GET"]}}],"collection":[{"href":"https:\/\/vocesparalelas.com.ar\/sitio\/wp-json\/wp\/v2\/posts"}],"about":[{"href":"https:\/\/vocesparalelas.com.ar\/sitio\/wp-json\/wp\/v2\/types\/post"}],"author":[{"embeddable":true,"href":"https:\/\/vocesparalelas.com.ar\/sitio\/wp-json\/wp\/v2\/users\/3"}],"replies":[{"embeddable":true,"href":"https:\/\/vocesparalelas.com.ar\/sitio\/wp-json\/wp\/v2\/comments?post=38824"}],"version-history":[{"count":1,"href":"https:\/\/vocesparalelas.com.ar\/sitio\/wp-json\/wp\/v2\/posts\/38824\/revisions"}],"predecessor-version":[{"id":38827,"href":"https:\/\/vocesparalelas.com.ar\/sitio\/wp-json\/wp\/v2\/posts\/38824\/revisions\/38827"}],"wp:featuredmedia":[{"embeddable":true,"href":"https:\/\/vocesparalelas.com.ar\/sitio\/wp-json\/wp\/v2\/media\/37900"}],"wp:attachment":[{"href":"https:\/\/vocesparalelas.com.ar\/sitio\/wp-json\/wp\/v2\/media?parent=38824"}],"wp:term":[{"taxonomy":"category","embeddable":true,"href":"https:\/\/vocesparalelas.com.ar\/sitio\/wp-json\/wp\/v2\/categories?post=38824"},{"taxonomy":"post_tag","embeddable":true,"href":"https:\/\/vocesparalelas.com.ar\/sitio\/wp-json\/wp\/v2\/tags?post=38824"}],"curies":[{"name":"wp","href":"https:\/\/api.w.org\/{rel}","templated":true}]}}