{"id":38817,"date":"2021-06-17T20:29:48","date_gmt":"2021-06-17T23:29:48","guid":{"rendered":"http:\/\/vocesparalelas.com.ar\/sitio\/?p=38817"},"modified":"2021-06-18T00:59:47","modified_gmt":"2021-06-18T03:59:47","slug":"san-juan-recibio-15-500-vacunas-contra-el-covid-19","status":"publish","type":"post","link":"https:\/\/vocesparalelas.com.ar\/sitio\/san-juan-recibio-15-500-vacunas-contra-el-covid-19\/","title":{"rendered":"San Juan recibi\u00f3 15.500 vacunas contra el COVID-19"},"content":{"rendered":"<p>Contin\u00faa el arribo de vacunas a la provincia de San Juan. Las nuevas dosis, en este caso de AstraZeneca, permiten continuar con la campa\u00f1a de vacunaci\u00f3n comprendida en el Plan Provincial de Vacunaci\u00f3n.<\/p>\n<p>En total son 15.500 vacunas que se destinar\u00e1n a la inmunizaci\u00f3n de la poblaci\u00f3n, de acuerdo al cronograma de vacunaci\u00f3n.<\/p>\n<p><span style=\"color: #ff0000;\"><strong>Se recuerda que la provincia de San Juan tiene previsto inocular en esta etapa a 255.804 personas de los siguientes grupos:<\/strong><\/span><\/p>\n<ul>\n<li>Personal de salud del \u00e1mbito p\u00fablico y privado.<\/li>\n<li>Docentes de Nivel Inicial, jardines maternales, Educaci\u00f3n Especial, directivos de todos los niveles.<\/li>\n<li>Docentes de 1\u00ba, 2\u00ba y 3\u00ba grado.<\/li>\n<li>Docentes de 4\u00ba, 5\u00ba y 6\u00ba grado.<\/li>\n<li>Docentes de secundaria \u00e1mbito p\u00fablico y privado.<\/li>\n<li>Docentes auxiliares integradoras.<\/li>\n<li>Porteros de todos los niveles.<\/li>\n<li>Adultos mayores de 80 a\u00f1os.<\/li>\n<li>Adultos mayores de 70 a\u00f1os.<\/li>\n<li>Adultos mayores de 60 a\u00f1os.<\/li>\n<li>De 50 a 59 a\u00f1os sin comorbilidades.<\/li>\n<li>De 18 a 59 a\u00f1os con comorbilidades.<\/li>\n<li>Fuerzas de seguridad y defensa: Ej\u00e9rcito Argentino, Gendarmer\u00eda Nacional Argentina, Polic\u00eda de San Juan y personal del Servicio Penitenciario.<\/li>\n<li>Geri\u00e1tricos y residencias de larga estad\u00eda.<\/li>\n<li>Centros de di\u00e1lisis p\u00fablicos y privados.<\/li>\n<\/ul>\n","protected":false},"excerpt":{"rendered":"<p>Contin\u00faa el arribo de vacunas a la provincia de San Juan. Las nuevas dosis, en este caso de AstraZeneca, permiten<\/p>\n","protected":false},"author":3,"featured_media":38135,"comment_status":"closed","ping_status":"closed","sticky":false,"template":"","format":"standard","meta":{"_acf_changed":false,"_seopress_robots_primary_cat":"none","_seopress_titles_title":"","_seopress_titles_desc":"","_seopress_robots_index":"","colormag_page_container_layout":"default_layout","colormag_page_sidebar_layout":"default_layout","footnotes":""},"categories":[6],"tags":[],"class_list":["post-38817","post","type-post","status-publish","format-standard","has-post-thumbnail","hentry","category-eventos"],"acf":[],"_links":{"self":[{"href":"https:\/\/vocesparalelas.com.ar\/sitio\/wp-json\/wp\/v2\/posts\/38817","targetHints":{"allow":["GET"]}}],"collection":[{"href":"https:\/\/vocesparalelas.com.ar\/sitio\/wp-json\/wp\/v2\/posts"}],"about":[{"href":"https:\/\/vocesparalelas.com.ar\/sitio\/wp-json\/wp\/v2\/types\/post"}],"author":[{"embeddable":true,"href":"https:\/\/vocesparalelas.com.ar\/sitio\/wp-json\/wp\/v2\/users\/3"}],"replies":[{"embeddable":true,"href":"https:\/\/vocesparalelas.com.ar\/sitio\/wp-json\/wp\/v2\/comments?post=38817"}],"version-history":[{"count":1,"href":"https:\/\/vocesparalelas.com.ar\/sitio\/wp-json\/wp\/v2\/posts\/38817\/revisions"}],"predecessor-version":[{"id":38819,"href":"https:\/\/vocesparalelas.com.ar\/sitio\/wp-json\/wp\/v2\/posts\/38817\/revisions\/38819"}],"wp:featuredmedia":[{"embeddable":true,"href":"https:\/\/vocesparalelas.com.ar\/sitio\/wp-json\/wp\/v2\/media\/38135"}],"wp:attachment":[{"href":"https:\/\/vocesparalelas.com.ar\/sitio\/wp-json\/wp\/v2\/media?parent=38817"}],"wp:term":[{"taxonomy":"category","embeddable":true,"href":"https:\/\/vocesparalelas.com.ar\/sitio\/wp-json\/wp\/v2\/categories?post=38817"},{"taxonomy":"post_tag","embeddable":true,"href":"https:\/\/vocesparalelas.com.ar\/sitio\/wp-json\/wp\/v2\/tags?post=38817"}],"curies":[{"name":"wp","href":"https:\/\/api.w.org\/{rel}","templated":true}]}}