{"id":38811,"date":"2021-06-17T20:21:35","date_gmt":"2021-06-17T23:21:35","guid":{"rendered":"http:\/\/vocesparalelas.com.ar\/sitio\/?p=38811"},"modified":"2021-06-17T20:21:35","modified_gmt":"2021-06-17T23:21:35","slug":"el-ing-hugo-goransky-flamante-miembro-de-la-comision-nacional-de-la-union-industrial-argentina-se-reunio-con-el-gobernador-de-san-juan","status":"publish","type":"post","link":"https:\/\/vocesparalelas.com.ar\/sitio\/el-ing-hugo-goransky-flamante-miembro-de-la-comision-nacional-de-la-union-industrial-argentina-se-reunio-con-el-gobernador-de-san-juan\/","title":{"rendered":"El Ing. Hugo Goransky, flamante miembro de la Comisi\u00f3n Nacional de la Uni\u00f3n Industrial Argentina se reuni\u00f3 con el gobernador de San Juan"},"content":{"rendered":"<p>El gobernador de San Juan, Dr. Sergio U\u00f1ac, acompa\u00f1ado por el ministro de Producci\u00f3n y Desarrollo Econ\u00f3mico, Lic. Andr\u00e9s D\u00edaz Cano, recibi\u00f3 al Ing. Hugo Goransky, titular de la Uni\u00f3n Industrial de San Juan, y flamante miembro de la Comisi\u00f3n Nacional de la Uni\u00f3n Industrial Argentina.<\/p>\n<p>El eje del encuentro fue la nueva designaci\u00f3n del titular de la Uni\u00f3n Industrial de San Juan y las estrategias que tiene la provincia para el crecimiento del sector Industrial.<\/p>\n<p>Tras la reuni\u00f3n, el ministro Lic. D\u00edaz Cano quien valor\u00f3 el nuevo puesto que asume Goransky y dijo que \u00abel gobernador fomenta la voluntad y el consenso a trav\u00e9s de las C\u00e1maras. Estamos muy contentos por el logro obtenido por Goransky de conformar la comisi\u00f3n a nivel nacional. Es muy importante ya que est\u00e1n nucleados los mayores industriales de todo el pa\u00eds\u00bb.<\/p>\n<figure id=\"attachment_38815\" aria-describedby=\"caption-attachment-38815\" style=\"width: 800px\" class=\"wp-caption alignnone\"><img loading=\"lazy\" decoding=\"async\" class=\"wp-image-38815 size-full\" src=\"https:\/\/vocesparalelas.com.ar\/sitio\/wp-content\/uploads\/2021\/06\/GORANSKY-ING.-HUGO.jpg\" alt=\"\" width=\"800\" height=\"503\" srcset=\"https:\/\/vocesparalelas.com.ar\/sitio\/wp-content\/uploads\/2021\/06\/GORANSKY-ING.-HUGO.jpg 800w, https:\/\/vocesparalelas.com.ar\/sitio\/wp-content\/uploads\/2021\/06\/GORANSKY-ING.-HUGO-300x189.jpg 300w, https:\/\/vocesparalelas.com.ar\/sitio\/wp-content\/uploads\/2021\/06\/GORANSKY-ING.-HUGO-768x483.jpg 768w\" sizes=\"auto, (max-width: 800px) 100vw, 800px\" \/><figcaption id=\"caption-attachment-38815\" class=\"wp-caption-text\">Presidente de la Uni\u00f3n Industrial de San Juan y miembro de la Comisi\u00f3n Nacional de la Uni\u00f3n Industrial Argentina, Ing. Hugo Goransky<\/figcaption><\/figure>\n<p>Por su parte, el Ing. Goransky le explic\u00f3 al gobernador de que se trata el nuevo cargo de la Uni\u00f3n Industrial Argentina y manifest\u00f3 que \u00abtodos los sanjuaninos queremos el desarrollo regional y de nuestra provincia para que este pa\u00eds sea federal no en la teor\u00eda sino en la pr\u00e1ctica\u00bb.<\/p>\n<p>Adem\u00e1s, explic\u00f3 que se encuentran trabajando en un proyecto de promoci\u00f3n de desarrollo federal que permita a todas las industrias y PyMES del pa\u00eds mayor competitividad.<\/p>\n<p>Para finalizar cont\u00f3 que \u00abvoy a promover el Acuerdo San Juan, me parece muy importante mostrarlo a nivel nacional para mostrar como se consiguen nuevas herramientos a trav\u00e9s de acuerdos tal como pas\u00f3 en la provincia\u00bb.<\/p>\n<p><img loading=\"lazy\" decoding=\"async\" class=\"alignnone wp-image-38814 size-full\" src=\"https:\/\/vocesparalelas.com.ar\/sitio\/wp-content\/uploads\/2021\/06\/SAN-JUAN-ING.-02.jpg\" alt=\"\" width=\"800\" height=\"497\" srcset=\"https:\/\/vocesparalelas.com.ar\/sitio\/wp-content\/uploads\/2021\/06\/SAN-JUAN-ING.-02.jpg 800w, https:\/\/vocesparalelas.com.ar\/sitio\/wp-content\/uploads\/2021\/06\/SAN-JUAN-ING.-02-300x186.jpg 300w, https:\/\/vocesparalelas.com.ar\/sitio\/wp-content\/uploads\/2021\/06\/SAN-JUAN-ING.-02-768x477.jpg 768w\" sizes=\"auto, (max-width: 800px) 100vw, 800px\" \/><\/p>\n","protected":false},"excerpt":{"rendered":"<p>El gobernador de San Juan, Dr. Sergio U\u00f1ac, acompa\u00f1ado por el ministro de Producci\u00f3n y Desarrollo Econ\u00f3mico, Lic. Andr\u00e9s D\u00edaz<\/p>\n","protected":false},"author":3,"featured_media":38813,"comment_status":"closed","ping_status":"closed","sticky":false,"template":"","format":"standard","meta":{"_acf_changed":false,"_seopress_robots_primary_cat":"none","_seopress_titles_title":"","_seopress_titles_desc":"","_seopress_robots_index":"","colormag_page_container_layout":"default_layout","colormag_page_sidebar_layout":"default_layout","footnotes":""},"categories":[1],"tags":[],"class_list":["post-38811","post","type-post","status-publish","format-standard","has-post-thumbnail","hentry","category-destacadas"],"acf":[],"_links":{"self":[{"href":"https:\/\/vocesparalelas.com.ar\/sitio\/wp-json\/wp\/v2\/posts\/38811","targetHints":{"allow":["GET"]}}],"collection":[{"href":"https:\/\/vocesparalelas.com.ar\/sitio\/wp-json\/wp\/v2\/posts"}],"about":[{"href":"https:\/\/vocesparalelas.com.ar\/sitio\/wp-json\/wp\/v2\/types\/post"}],"author":[{"embeddable":true,"href":"https:\/\/vocesparalelas.com.ar\/sitio\/wp-json\/wp\/v2\/users\/3"}],"replies":[{"embeddable":true,"href":"https:\/\/vocesparalelas.com.ar\/sitio\/wp-json\/wp\/v2\/comments?post=38811"}],"version-history":[{"count":1,"href":"https:\/\/vocesparalelas.com.ar\/sitio\/wp-json\/wp\/v2\/posts\/38811\/revisions"}],"predecessor-version":[{"id":38816,"href":"https:\/\/vocesparalelas.com.ar\/sitio\/wp-json\/wp\/v2\/posts\/38811\/revisions\/38816"}],"wp:featuredmedia":[{"embeddable":true,"href":"https:\/\/vocesparalelas.com.ar\/sitio\/wp-json\/wp\/v2\/media\/38813"}],"wp:attachment":[{"href":"https:\/\/vocesparalelas.com.ar\/sitio\/wp-json\/wp\/v2\/media?parent=38811"}],"wp:term":[{"taxonomy":"category","embeddable":true,"href":"https:\/\/vocesparalelas.com.ar\/sitio\/wp-json\/wp\/v2\/categories?post=38811"},{"taxonomy":"post_tag","embeddable":true,"href":"https:\/\/vocesparalelas.com.ar\/sitio\/wp-json\/wp\/v2\/tags?post=38811"}],"curies":[{"name":"wp","href":"https:\/\/api.w.org\/{rel}","templated":true}]}}