{"id":38808,"date":"2021-06-17T19:58:03","date_gmt":"2021-06-17T22:58:03","guid":{"rendered":"http:\/\/vocesparalelas.com.ar\/sitio\/?p=38808"},"modified":"2021-06-18T15:39:35","modified_gmt":"2021-06-18T18:39:35","slug":"inicio-la-3-cohorte-del-postitulo-de-educacion-sexual-integral","status":"publish","type":"post","link":"https:\/\/vocesparalelas.com.ar\/sitio\/inicio-la-3-cohorte-del-postitulo-de-educacion-sexual-integral\/","title":{"rendered":"Inici\u00f3 la 3\u00b0 cohorte del Post\u00edtulo de Educaci\u00f3n Sexual Integral"},"content":{"rendered":"<p>En este Ciclo Lectivo 2021, el Instituto de Formaci\u00f3n Docente Escuela de la Familia inici\u00f3 la primera jornada de la tercera cohorte del Post\u00edtulo de Educaci\u00f3n Sexual Integral con la participaci\u00f3n de 80 educadores de secundaria.<\/p>\n<p>El prop\u00f3sito es especializar a los docentes en un enfoque interdisciplinario e integral que permita abordar temas vinculados a la Educaci\u00f3n Sexual Integral.<\/p>\n<p>El post\u00edtulo est\u00e1 destinado a docentes de educaci\u00f3n secundaria con carrera de Nivel Superior y de grado universitaria formados en disciplinas afines.<\/p>\n<p>La especializaci\u00f3n tiene una extensi\u00f3n de dos a\u00f1os de cursado, distribuidos en cuatro cuatrimestres, con una carga horaria 405 horas reloj, equivalente a 607 horas c\u00e1tedras.<\/p>\n<p>&nbsp;<\/p>\n<p>&nbsp;<\/p>\n","protected":false},"excerpt":{"rendered":"<p>En este Ciclo Lectivo 2021, el Instituto de Formaci\u00f3n Docente Escuela de la Familia inici\u00f3 la primera jornada de la<\/p>\n","protected":false},"author":3,"featured_media":32913,"comment_status":"closed","ping_status":"closed","sticky":false,"template":"","format":"standard","meta":{"_acf_changed":false,"_seopress_robots_primary_cat":"none","_seopress_titles_title":"","_seopress_titles_desc":"","_seopress_robots_index":"","colormag_page_container_layout":"default_layout","colormag_page_sidebar_layout":"default_layout","footnotes":""},"categories":[9],"tags":[],"class_list":["post-38808","post","type-post","status-publish","format-standard","has-post-thumbnail","hentry","category-cursos"],"acf":[],"_links":{"self":[{"href":"https:\/\/vocesparalelas.com.ar\/sitio\/wp-json\/wp\/v2\/posts\/38808","targetHints":{"allow":["GET"]}}],"collection":[{"href":"https:\/\/vocesparalelas.com.ar\/sitio\/wp-json\/wp\/v2\/posts"}],"about":[{"href":"https:\/\/vocesparalelas.com.ar\/sitio\/wp-json\/wp\/v2\/types\/post"}],"author":[{"embeddable":true,"href":"https:\/\/vocesparalelas.com.ar\/sitio\/wp-json\/wp\/v2\/users\/3"}],"replies":[{"embeddable":true,"href":"https:\/\/vocesparalelas.com.ar\/sitio\/wp-json\/wp\/v2\/comments?post=38808"}],"version-history":[{"count":1,"href":"https:\/\/vocesparalelas.com.ar\/sitio\/wp-json\/wp\/v2\/posts\/38808\/revisions"}],"predecessor-version":[{"id":38810,"href":"https:\/\/vocesparalelas.com.ar\/sitio\/wp-json\/wp\/v2\/posts\/38808\/revisions\/38810"}],"wp:featuredmedia":[{"embeddable":true,"href":"https:\/\/vocesparalelas.com.ar\/sitio\/wp-json\/wp\/v2\/media\/32913"}],"wp:attachment":[{"href":"https:\/\/vocesparalelas.com.ar\/sitio\/wp-json\/wp\/v2\/media?parent=38808"}],"wp:term":[{"taxonomy":"category","embeddable":true,"href":"https:\/\/vocesparalelas.com.ar\/sitio\/wp-json\/wp\/v2\/categories?post=38808"},{"taxonomy":"post_tag","embeddable":true,"href":"https:\/\/vocesparalelas.com.ar\/sitio\/wp-json\/wp\/v2\/tags?post=38808"}],"curies":[{"name":"wp","href":"https:\/\/api.w.org\/{rel}","templated":true}]}}