{"id":38798,"date":"2021-06-16T18:40:18","date_gmt":"2021-06-16T21:40:18","guid":{"rendered":"http:\/\/vocesparalelas.com.ar\/sitio\/?p=38798"},"modified":"2021-06-18T00:58:22","modified_gmt":"2021-06-18T03:58:22","slug":"deben-presentar-factura-de-junio-los-contratados-de-servicios-generales-y-personal-administrativo","status":"publish","type":"post","link":"https:\/\/vocesparalelas.com.ar\/sitio\/deben-presentar-factura-de-junio-los-contratados-de-servicios-generales-y-personal-administrativo\/","title":{"rendered":"Deben presentar factura de Junio los Contratados de Servicios Generales y personal administrativo"},"content":{"rendered":"<p>La Secretar\u00eda de Coordinaci\u00f3n Administrativa y Financiera del Ministerio de Educaci\u00f3n informa que las personas bajo el r\u00e9gimen de Contratos Administrativos de Colaboraci\u00f3n para tareas Administrativas y de Servicios Generales, que poseen Contratos de Colaboraci\u00f3n, que deben presentar facturas del mes de junio.<\/p>\n<p>El personal de Servicios Generales (porteros) debe presentar al director del establecimiento educativo donde se desempe\u00f1a la Factura Electr\u00f3nica correspondiente al mes de junio 2021. Luego el equipo directivo o responsable designado para esta tarea deber\u00e1 entregarlas en el centro c\u00edvico seg\u00fan el siguiente cronograma:<\/p>\n<p><img loading=\"lazy\" decoding=\"async\" class=\"alignnone wp-image-38800 size-full\" src=\"https:\/\/vocesparalelas.com.ar\/sitio\/wp-content\/uploads\/2021\/06\/FACTURA-JUNIO.jpg\" alt=\"\" width=\"800\" height=\"455\" srcset=\"https:\/\/vocesparalelas.com.ar\/sitio\/wp-content\/uploads\/2021\/06\/FACTURA-JUNIO.jpg 800w, https:\/\/vocesparalelas.com.ar\/sitio\/wp-content\/uploads\/2021\/06\/FACTURA-JUNIO-300x171.jpg 300w, https:\/\/vocesparalelas.com.ar\/sitio\/wp-content\/uploads\/2021\/06\/FACTURA-JUNIO-768x437.jpg 768w\" sizes=\"auto, (max-width: 800px) 100vw, 800px\" \/><\/p>\n<p>&nbsp;<\/p>\n<p><span style=\"color: #008000;\"><strong>Contratados de Zonas Alejadas<\/strong><\/span><\/p>\n<p>Las personas contratadas que viven en los departamentos de Calingasta, Iglesia, J\u00e1chal y Valle F\u00e9rtil deber\u00e1n entregar la factura electr\u00f3nica impresa a su director y este directivo deber\u00e1 enviarlas en un sobre a su Unidad de Gesti\u00f3n.<\/p>\n<p>Las facturas deber\u00e1n ser electr\u00f3nicas y confeccionadas de la siguiente manera:<\/p>\n<p><span style=\"color: #008000;\"><strong>FACTURA MES DE JUNIO 2021<\/strong><\/span><\/p>\n<ul>\n<li><span style=\"color: #008000;\"><strong>FECHA DE EMISI\u00d3N:<\/strong> <\/span>30\/06\/2021<\/li>\n<li><span style=\"color: #008000;\"><strong>PERIODO FACTURADO:<\/strong><\/span> DESDE EL 01\/06\/2021 HASTA EL 30\/06\/2021.<\/li>\n<li><span style=\"color: #008000;\"><strong>VENCIMIENTO<\/strong>:<\/span> 30\/07\/2021<\/li>\n<li><span style=\"color: #008000;\"><strong>CUIT GOBIERNO DE LA PROVINCIA:<\/strong><\/span> 30-99901516-2<\/li>\n<li><span style=\"color: #008000;\"><strong>CONDICI\u00d3N FRENTE AL IVA:<\/strong> <\/span>IVA SUJETO EXENTO<\/li>\n<li><span style=\"color: #008000;\"><strong>CONDICI\u00d3N DE VENTA:<\/strong><\/span> OTRA<\/li>\n<li><span style=\"color: #008000;\"><strong>DETALLE:<\/strong><\/span> Pago de honorarios por Contrato Administrativo de Servicio de Colaboraci\u00f3n mes de junio de 2021.<\/li>\n<li><span style=\"color: #008000;\"><strong>MONTO A FACTURAR:<\/strong><\/span> (PARA PORTEROS): FACTURA MES DE JUNIO 2021 $16.702,00.-<\/li>\n<li><span style=\"color: #008000;\"><strong>CONFORMACI\u00d3N DE FACTURA:<\/strong><\/span> al Dorso de la factura, en la parte de atr\u00e1s, deber\u00e1 colocar lo siguiente:<\/li>\n<\/ul>\n<p>\u201cARTICULOS 6\u00b0 Y 11\u00ba LEY N\u00ba 793-A. CL\u00c1USULA CUARTA DEL CONTRATO ADMINISTRATIVO DE SERVICIOS DE COLABORACI\u00d3N\u201d.<\/p>\n<p>SAN JUAN, 30\/06\/2021.<\/p>\n<p>Con firma y sello del directivo<\/p>\n<p><span style=\"color: #008000;\"><strong>Presentaci\u00f3n de seguros generales:<\/strong> <\/span>con la firma y sello del directivo (es obligatoria su presentaci\u00f3n): constancia de pago del mes de junio 2021 (fotocopia legible con datos del asegurado nombre y apellido, legalizada en el frente por el directivo). En caso de presentar el comprobante de pago emitido por el seguro, este debe tener fecha de junio 2021. Sin excepci\u00f3n.<\/p>\n<p><span style=\"color: #008000;\"><strong>Contratados con funciones administrativas<\/strong><\/span><\/p>\n<p>Tienen que presentaran la factura en la oficina de personal administrativo con el monto correspondiente a cada contrato, desde el 22 al 28 de junio 2021, en horario de 8:30 a 12:30 horas.<\/p>\n","protected":false},"excerpt":{"rendered":"<p>La Secretar\u00eda de Coordinaci\u00f3n Administrativa y Financiera del Ministerio de Educaci\u00f3n informa que las personas bajo el r\u00e9gimen de Contratos<\/p>\n","protected":false},"author":3,"featured_media":37957,"comment_status":"closed","ping_status":"closed","sticky":false,"template":"","format":"standard","meta":{"_acf_changed":false,"_seopress_robots_primary_cat":"none","_seopress_titles_title":"","_seopress_titles_desc":"","_seopress_robots_index":"","colormag_page_container_layout":"default_layout","colormag_page_sidebar_layout":"default_layout","footnotes":""},"categories":[5],"tags":[],"class_list":["post-38798","post","type-post","status-publish","format-standard","has-post-thumbnail","hentry","category-ofrecimientos"],"acf":[],"_links":{"self":[{"href":"https:\/\/vocesparalelas.com.ar\/sitio\/wp-json\/wp\/v2\/posts\/38798","targetHints":{"allow":["GET"]}}],"collection":[{"href":"https:\/\/vocesparalelas.com.ar\/sitio\/wp-json\/wp\/v2\/posts"}],"about":[{"href":"https:\/\/vocesparalelas.com.ar\/sitio\/wp-json\/wp\/v2\/types\/post"}],"author":[{"embeddable":true,"href":"https:\/\/vocesparalelas.com.ar\/sitio\/wp-json\/wp\/v2\/users\/3"}],"replies":[{"embeddable":true,"href":"https:\/\/vocesparalelas.com.ar\/sitio\/wp-json\/wp\/v2\/comments?post=38798"}],"version-history":[{"count":1,"href":"https:\/\/vocesparalelas.com.ar\/sitio\/wp-json\/wp\/v2\/posts\/38798\/revisions"}],"predecessor-version":[{"id":38801,"href":"https:\/\/vocesparalelas.com.ar\/sitio\/wp-json\/wp\/v2\/posts\/38798\/revisions\/38801"}],"wp:featuredmedia":[{"embeddable":true,"href":"https:\/\/vocesparalelas.com.ar\/sitio\/wp-json\/wp\/v2\/media\/37957"}],"wp:attachment":[{"href":"https:\/\/vocesparalelas.com.ar\/sitio\/wp-json\/wp\/v2\/media?parent=38798"}],"wp:term":[{"taxonomy":"category","embeddable":true,"href":"https:\/\/vocesparalelas.com.ar\/sitio\/wp-json\/wp\/v2\/categories?post=38798"},{"taxonomy":"post_tag","embeddable":true,"href":"https:\/\/vocesparalelas.com.ar\/sitio\/wp-json\/wp\/v2\/tags?post=38798"}],"curies":[{"name":"wp","href":"https:\/\/api.w.org\/{rel}","templated":true}]}}