{"id":38793,"date":"2021-06-16T22:40:56","date_gmt":"2021-06-17T01:40:56","guid":{"rendered":"http:\/\/vocesparalelas.com.ar\/sitio\/?p=38793"},"modified":"2021-06-16T22:51:07","modified_gmt":"2021-06-17T01:51:07","slug":"se-pone-en-marcha-el-proceso-para-construir-el-hospital-de-calingasta-de-san-juan","status":"publish","type":"post","link":"https:\/\/vocesparalelas.com.ar\/sitio\/se-pone-en-marcha-el-proceso-para-construir-el-hospital-de-calingasta-de-san-juan\/","title":{"rendered":"Se pone en marcha el proceso para construir el Hospital de Calingasta de San Juan"},"content":{"rendered":"<p>El gobernador de San Juan, Dr. Sergio U\u00f1ac, se reuni\u00f3 el Mi\u00e9rcoles, 16 de Junio, en Buenos Aires con el ministro de Obras P\u00fablicas de la Naci\u00f3n, Dr. Gabriel Katopodis\u00a0para dar el puntapi\u00e9 inicial al proceso que permitir\u00e1 construir el nuevo Hospital de Calingasta.<\/p>\n<p>Participaron adem\u00e1s en el acto, el secretario de Obras P\u00fablicas de la Naci\u00f3n, Dr. Mart\u00edn Gill; el secretario de Infraestructura y Pol\u00edtica H\u00eddrica, Arq. Carlos Rodr\u00edguez y el ministro de Obras y Servicios P\u00fablicos de San Juan, Ing. Julio Ortiz Andino.<\/p>\n<p>A trav\u00e9s de la firma y refrenda del convenio espec\u00edfico por parte de ambas autoridades para la construcci\u00f3n del nosocomio, la Naci\u00f3n comprometi\u00f3 oficialmente un monto total $ 595.176.162 para concretar esta obra de vital importancia para el departamento cordillerano y zonas aleda\u00f1as.<\/p>\n<p>De esta manera se estima que la iniciativa, que ya cuenta con el proyecto aprobado, podr\u00eda iniciar el correspondiente proceso licitatorio en julio.<\/p>\n<p>El ministro Ortiz Andino puso en relieve la importancia de la firma concretada en la jornada como parte de las pol\u00edticas de Estado que lleva adelante la Provincia para brindar una infraestructura sanitaria de primer nivel para los sanjuaninos. En ese sentido, el funcionario destac\u00f3 la reciente entrega del Hospital de 25 de Mayo y la construcci\u00f3n del Hospital de J\u00e1chal, pr\u00f3ximo a entregarse y las importantes obras que se desarrollan en el hospital Marcial Quiroga.<\/p>\n<p>Adem\u00e1s, durante la jornada y como parte de su agenda de trabajo desarrollada en Buenos Aires, el gobernador U\u00f1ac se reuni\u00f3 adem\u00e1s con el titular de Vialidad Nacional, Gustavo Arrieta, para avanzar en acciones de gran relevancia para la Provincia.<\/p>\n<p><span style=\"color: #339966;\"><strong>Sobre el nuevo hospital de Calingasta<\/strong><\/span><\/p>\n<p><iframe loading=\"lazy\" title=\"Proyecto del nuevo Hospital de Calingasta\" width=\"800\" height=\"450\" src=\"https:\/\/www.youtube.com\/embed\/DNczEc7kHVA?feature=oembed\" frameborder=\"0\" allow=\"accelerometer; autoplay; clipboard-write; encrypted-media; gyroscope; picture-in-picture\" allowfullscreen><\/iframe><\/p>\n<div class=\"itemBody\">\n<div class=\"itemFullText\">\n<p>Se emplazar\u00e1 en el predio ubicado en Ruta Provincial 412 (S\/N\u00ba), en localidad de Villa Calingasta, a 500 metros del hospital actual. Esta localizaci\u00f3n permitir\u00e1 reforzar, consolidar y valorizar el espacio circundante.<\/p>\n<p>El nuevo Hospital Dr. Aldo Cantoni brindar\u00e1 atenci\u00f3n primaria y contar\u00e1 con servicios de mayor complejidad para atender las necesidades de los habitantes del departamento cordillerano, mejorando la calidad de vida de la poblaci\u00f3n y brindando oportunidades laborales, no solo en el proceso de construcci\u00f3n del nosocomio, sino tambi\u00e9n en la incorporaci\u00f3n de personal especializado.<\/p>\n<p>El edificio, que ser\u00e1 de una planta, contar\u00e1 con 14 consultorios externos para atenci\u00f3n ambulatoria y un sector de diagn\u00f3stico por imagen donde habr\u00e1 atenci\u00f3n de radiograf\u00eda, ecograf\u00eda y mamograf\u00eda. Tambi\u00e9n habr\u00e1 un laboratorio de an\u00e1lisis cl\u00ednicos y un \u00e1rea de kinesiolog\u00eda y rehabilitaci\u00f3n.<\/p>\n<p>Asimismo, est\u00e1 prevista la construcci\u00f3n de dos salas de internaci\u00f3n con 8 camas para pediatr\u00eda y 16 camas para adultos. Tambi\u00e9n tendr\u00e1 una sala de partos y \u00e1reas de apoyatura, ya que \u201csi bien no es el lugar donde se realizan partos, es muy importante, por la lejan\u00eda del lugar, tener todos los requerimientos sanitarios para que cuando una mujer llegue a parir tenga seguridad institucional\u201d, sostuvo el jefe de zona.<\/p>\n<p>El nuevo hospital brindar\u00e1 tambi\u00e9n atenci\u00f3n ambulatoria de urgencia, con dos consultorios, tres boxes de shock room y dos salas para pacientes aislados de Covid-19, con todo el apoyo t\u00e9cnico de acuerdo a los protocolos sanitarios.<\/p>\n<\/div>\n<div class=\"clr\"><\/div>\n<\/div>\n<div class=\"itemRelated\">\n<h3><\/h3>\n<\/div>\n","protected":false},"excerpt":{"rendered":"<p>El gobernador de San Juan, Dr. Sergio U\u00f1ac, se reuni\u00f3 el Mi\u00e9rcoles, 16 de Junio, en Buenos Aires con el<\/p>\n","protected":false},"author":3,"featured_media":38795,"comment_status":"closed","ping_status":"closed","sticky":false,"template":"","format":"video","meta":{"_acf_changed":false,"_seopress_robots_primary_cat":"none","_seopress_titles_title":"","_seopress_titles_desc":"","_seopress_robots_index":"","colormag_page_container_layout":"default_layout","colormag_page_sidebar_layout":"default_layout","footnotes":""},"categories":[1,7],"tags":[],"class_list":["post-38793","post","type-post","status-publish","format-video","has-post-thumbnail","hentry","category-destacadas","category-videos","post_format-post-format-video"],"acf":[],"_links":{"self":[{"href":"https:\/\/vocesparalelas.com.ar\/sitio\/wp-json\/wp\/v2\/posts\/38793","targetHints":{"allow":["GET"]}}],"collection":[{"href":"https:\/\/vocesparalelas.com.ar\/sitio\/wp-json\/wp\/v2\/posts"}],"about":[{"href":"https:\/\/vocesparalelas.com.ar\/sitio\/wp-json\/wp\/v2\/types\/post"}],"author":[{"embeddable":true,"href":"https:\/\/vocesparalelas.com.ar\/sitio\/wp-json\/wp\/v2\/users\/3"}],"replies":[{"embeddable":true,"href":"https:\/\/vocesparalelas.com.ar\/sitio\/wp-json\/wp\/v2\/comments?post=38793"}],"version-history":[{"count":1,"href":"https:\/\/vocesparalelas.com.ar\/sitio\/wp-json\/wp\/v2\/posts\/38793\/revisions"}],"predecessor-version":[{"id":38796,"href":"https:\/\/vocesparalelas.com.ar\/sitio\/wp-json\/wp\/v2\/posts\/38793\/revisions\/38796"}],"wp:featuredmedia":[{"embeddable":true,"href":"https:\/\/vocesparalelas.com.ar\/sitio\/wp-json\/wp\/v2\/media\/38795"}],"wp:attachment":[{"href":"https:\/\/vocesparalelas.com.ar\/sitio\/wp-json\/wp\/v2\/media?parent=38793"}],"wp:term":[{"taxonomy":"category","embeddable":true,"href":"https:\/\/vocesparalelas.com.ar\/sitio\/wp-json\/wp\/v2\/categories?post=38793"},{"taxonomy":"post_tag","embeddable":true,"href":"https:\/\/vocesparalelas.com.ar\/sitio\/wp-json\/wp\/v2\/tags?post=38793"}],"curies":[{"name":"wp","href":"https:\/\/api.w.org\/{rel}","templated":true}]}}