{"id":38764,"date":"2021-06-16T21:27:33","date_gmt":"2021-06-17T00:27:33","guid":{"rendered":"http:\/\/vocesparalelas.com.ar\/sitio\/?p=38764"},"modified":"2021-06-18T01:17:46","modified_gmt":"2021-06-18T04:17:46","slug":"explicaron-la-respuesta-enviada-a-la-camara-federal-de-mendoza-que-suspendio-las-elecciones-en-la-unsj","status":"publish","type":"post","link":"https:\/\/vocesparalelas.com.ar\/sitio\/explicaron-la-respuesta-enviada-a-la-camara-federal-de-mendoza-que-suspendio-las-elecciones-en-la-unsj\/","title":{"rendered":"Explicaron la respuesta enviada a la C\u00e1mara Federal de Mendoza que suspendi\u00f3 las elecciones en la UNSJ"},"content":{"rendered":"<p>Luego, del Lunes, 14 de Junio, el cuerpo legal de la Universidad Nacional de San Juan enviara a la C\u00e1mara Federal de Mendoza la respuesta a la resoluci\u00f3n que termin\u00f3 suspendiendo las elecciones.<\/p>\n<p>El Rector de la UNSJ, Dr. Oscar Nasisi junto a los abogados brindaron una conferencia de prensa en el Edificio Central de la UNSJ para explicar puntos de ese escrito enviado.<\/p>\n<p>La introducci\u00f3n a la conferencia estuvo a cargo del rector de la UNSJ, Dr. Oscar Nasisi y los encargados a fueron:<\/p>\n<ul>\n<li>Dr. Jos\u00e9 Luis Miolano, de la Direcci\u00f3n de Asuntos Legales de la UNSJ<\/li>\n<li>Dr. Luis Conrado Su\u00e1rez Jofr\u00e9, Dra. Grace Bridge y el Dr. Marcos Conca, del Departamento de Ciencias Jur\u00eddicas de la Facultad de Ciencias Sociales de la UNSJ.<\/li>\n<\/ul>\n<p>El rector de la UNSJ, Dr. Oscar Nasisi dio origen a la conferencia de prensa y destac\u00f3 el trabajo realizado por los abogados de la instituci\u00f3n en dar la respuesta a la C\u00e1mara Federal de Mendoza.<\/p>\n<p><iframe loading=\"lazy\" title=\"UNSJ\" width=\"800\" height=\"450\" src=\"https:\/\/www.youtube.com\/embed\/fAVwZsOFZks?start=11&#038;feature=oembed\" frameborder=\"0\" allow=\"accelerometer; autoplay; clipboard-write; encrypted-media; gyroscope; picture-in-picture\" allowfullscreen><\/iframe><\/p>\n<p>Seguidamente, el\u00a0Dr. Jos\u00e9 Luis Miolano, de la Direcci\u00f3n de Asuntos Legales de la UNSJ explic\u00f3 que \u00abhemos trabajado s\u00e1bado y domingo para poder contestar en el menor tiempo posible. El texto ha sido elevado ayer alrededor de las 20 o 20.30 horas, con el objeto de que hoy ya estuviera a disposici\u00f3n de la C\u00e1mara y pueda empezar a resolver\u201d.<\/p>\n<p><iframe loading=\"lazy\" title=\"UNSJ\" width=\"800\" height=\"450\" src=\"https:\/\/www.youtube.com\/embed\/IZy1UVw8RCM?feature=oembed\" frameborder=\"0\" allow=\"accelerometer; autoplay; clipboard-write; encrypted-media; gyroscope; picture-in-picture\" allowfullscreen><\/iframe><\/p>\n<p>Dr. Luis Conrado Su\u00e1rez Jofr\u00e9, director del Departamento de Ciencias Jur\u00eddicas, destac\u00f3 la participaci\u00f3n de ex estudiantes de Abogac\u00eda de la UNSJ. \u201cSe ha conformado un equipo integrado por el Dr. Rolando Monta\u00f1o, Dr. Juan Aguilar y desde el Departamento de Ciencias Jur\u00eddicas se hizo una convocatoria a profesionales de toda la Universidad y acudieron los doctores y doctoras Marcos Conca, Ana Carrizo, Gonzalo C\u00e1ceres, Grace Bridge, Soledad Lloveras y Federico Sanna\u201d, repas\u00f3 Su\u00e1rez Jofr\u00e9.<\/p>\n<p><iframe loading=\"lazy\" title=\"UNSJ\" width=\"800\" height=\"450\" src=\"https:\/\/www.youtube.com\/embed\/I7P0U9DV93c?feature=oembed\" frameborder=\"0\" allow=\"accelerometer; autoplay; clipboard-write; encrypted-media; gyroscope; picture-in-picture\" allowfullscreen><\/iframe><\/p>\n<p>\u201cEl planteo atiende a cuestionar la medida cautelar y se hizo a trav\u00e9s de un recurso de reposici\u00f3n en el cual se ha solicitado que la mera interposici\u00f3n de ese recurso sea con efectos suspensivos, esto implica, de acuerdo a lo que la ley prescribe, que deber\u00eda operar inmediatamente la suspensi\u00f3n de la suspensi\u00f3n, es decir, de la medida cautelar, y aspiramos a que sea de la manera m\u00e1s inmediata. En caso de esto ser rechazado, ser\u00e1 motivo de entendimiento de un tribunal de alzada que es la Corte, y eso lleva un tiempo que para nosotros es inconveniente\u201d, explic\u00f3 Suarez Jofr\u00e9. Y agreg\u00f3: \u201cLa profesora M\u00f3nica Morvillo invoca una condici\u00f3n para cuestionar la decisi\u00f3n de la Universidad, que ha perdido, que ha devenido distinta desde el momento del recurso al momento actual, ese es el cuestionamiento de falta de legitimaci\u00f3n activa, en el sentido de que ella no puede estar pretendiendo en justicia lo que est\u00e1 pretendiendo\u201d.<\/p>\n<p>Por su parte, Dr. Marcos Conca se\u00f1al\u00f3 que se trabaj\u00f3 profundamente en lo relacionado con los derechos pol\u00edticos de todos los docentes de la Universidad y en la situaci\u00f3n especial de aquellos y aquellas que est\u00e1n amparados en el Art\u00edculo 73 del Convenio Colectivo de Trabajo. \u201cOtro punto, que se ha tergiversado y en el que hemos puesto blanco sobre negro, fue con la aclaraci\u00f3n de que los casos que invoca (la profesora), la Universidad de R\u00edo Cuarto y la Universidad de Jujuy, no aplican a lo que se debate en la presente causa. Por el contrario, la C\u00e1mara Federal de Salta, en el caso de la Universidad de Jujuy, en la que s\u00ed se menciona de manera adicional la situaci\u00f3n de los docentes en el Art\u00edculo 73 del Convenio Colectivo, es que s\u00ed tienen derechos pol\u00edticos. Hemos tratado de atacar la pretensi\u00f3n desde todos los frentes\u201d.<\/p>\n<p><iframe loading=\"lazy\" title=\"UNSJ\" width=\"800\" height=\"450\" src=\"https:\/\/www.youtube.com\/embed\/UXZ8AlWWQrk?feature=oembed\" frameborder=\"0\" allow=\"accelerometer; autoplay; clipboard-write; encrypted-media; gyroscope; picture-in-picture\" allowfullscreen><\/iframe><\/p>\n<p>La Dra. Grace Bridge indic\u00f3 que los mecanismos legales que impusieron buscan dejar sentadas las serias implicancias que la medida de suspensi\u00f3n impuesta tiene en relaci\u00f3n a la vida institucional y al sistema democr\u00e1tico que se aplica en cuanto a la Universidad, y a la extrema necesidad de hacer efectivos los derechos denominados de orden pol\u00edtico, que hacen al derecho de participar en los comicios. \u201cSe han atacado las medidas del 9 de junio y la del 11 de junio, la cual dispuso mantener la suspensi\u00f3n, e hicimos una especial referencia al inter\u00e9s p\u00fablico comprometido en el caso. La medida adoptada por el Tribunal de alzada ha sido en perjuicio o vulnerando derechos. Al momento de dictar la primera medida la C\u00e1mara, la Universidad ya hab\u00eda enviado un informe, no obstante ello, no fue objeto de an\u00e1lisis alguno. En ese informe, la Universidad ya daba cuenta de cu\u00e1l era el inter\u00e9s p\u00fablico comprometido en el caso. La C\u00e1mara tampoco analiz\u00f3 las pretensiones de la autora, que solamente fueron esbozadas en un escrito en el que manifestaba el pr\u00f3ximo vencimiento de los plazos y la inminente realizaci\u00f3n del acto eleccionario en la Universidad\u201d.<\/p>\n<p><iframe loading=\"lazy\" title=\"UNSJ\" width=\"800\" height=\"450\" src=\"https:\/\/www.youtube.com\/embed\/KuhaTsvoeGQ?feature=oembed\" frameborder=\"0\" allow=\"accelerometer; autoplay; clipboard-write; encrypted-media; gyroscope; picture-in-picture\" allowfullscreen><\/iframe><\/p>\n<p>Por fuera de la conferencia de prensa, el abogado Federico Sanna cont\u00f3 que tambi\u00e9n, junto a Soledad Lloveras, en el escrito enviado a la C\u00e1mara de Mendoza trabajaron el siguiente tema que as\u00ed lo explic\u00f3: \u201cEn torno a la cuesti\u00f3n de fondo, hay un punto bastante importante, y es que hay algo a lo que llegar\u00eda el planteo de Morvillo y es notoriamente contrario al principio de progresividad de la Convenci\u00f3n Americana de Derechos Humanos y de los derechos de los trabajadores reconocidos en el Pacto de Derechos Econ\u00f3micos, Sociales y Culturales, que tiene que ver con lo siguiente: En nuestra Universidad los docentes regularizados por el Art\u00edculo 73 no tienen una condici\u00f3n provisoria, sino que se incorporan a la carrera docente con total estabilidad, en igualdad que los concursados que ingresan a la carrera docente. Si se hace la interpretaci\u00f3n que sostiene Morvillo, llevar\u00eda al absurdo de que todos estos docentes regularizados nunca en toda su vida universitaria van a poder ejercer plenamente sus derechos pol\u00edticos, a menos que renuncien a sus cargos, porque as\u00ed ser\u00eda la \u00fanica forma en que los cargos se llamen a concurso. Obviamente renunciando a su cargo se quedar\u00edan sin el mismo. Por ende, no puede castigarse la estabilidad laboral con una prohibici\u00f3n en materia de participaci\u00f3n en derechos pol\u00edticos. Si bien los art\u00edculos 54 y 55 de la Ley de Educaci\u00f3n Superior hablan de concursados, no dicen en ninguna parte que queda prohibida su equiparaci\u00f3n con otra categor\u00eda de docentes\u201d.<\/p>\n<p>Finalmente, el Rector de la UNSJ, Dr. Oscar Nasisi y el\u00a0Dr. Luis Conrado Su\u00e1rez Jofr\u00e9, director del Departamento de Ciencias Jur\u00eddicas aportaron m\u00e1s datos sobre la situaci\u00f3n en cuanto al trabajo realizado.<\/p>\n<p><iframe loading=\"lazy\" title=\"UNSJ\" width=\"800\" height=\"450\" src=\"https:\/\/www.youtube.com\/embed\/qg7XQ2wGVqE?feature=oembed\" frameborder=\"0\" allow=\"accelerometer; autoplay; clipboard-write; encrypted-media; gyroscope; picture-in-picture\" allowfullscreen><\/iframe><\/p>\n<p>&nbsp;<\/p>\n<p>Al finalizar la conferencia se realiz\u00f3 las preguntas de los periodistas de San Juan<\/p>\n<p><img loading=\"lazy\" decoding=\"async\" class=\"alignnone wp-image-38769 size-full\" src=\"https:\/\/vocesparalelas.com.ar\/sitio\/wp-content\/uploads\/2021\/06\/UNSJ-CONFERENCIA-02.jpg\" alt=\"\" width=\"800\" height=\"533\" srcset=\"https:\/\/vocesparalelas.com.ar\/sitio\/wp-content\/uploads\/2021\/06\/UNSJ-CONFERENCIA-02.jpg 800w, https:\/\/vocesparalelas.com.ar\/sitio\/wp-content\/uploads\/2021\/06\/UNSJ-CONFERENCIA-02-300x200.jpg 300w, https:\/\/vocesparalelas.com.ar\/sitio\/wp-content\/uploads\/2021\/06\/UNSJ-CONFERENCIA-02-768x512.jpg 768w\" sizes=\"auto, (max-width: 800px) 100vw, 800px\" \/><\/p>\n<p>&nbsp;<\/p>\n","protected":false},"excerpt":{"rendered":"<p>Luego, del Lunes, 14 de Junio, el cuerpo legal de la Universidad Nacional de San Juan enviara a la C\u00e1mara<\/p>\n","protected":false},"author":3,"featured_media":38766,"comment_status":"closed","ping_status":"closed","sticky":false,"template":"","format":"video","meta":{"_acf_changed":false,"_seopress_robots_primary_cat":"none","_seopress_titles_title":"","_seopress_titles_desc":"","_seopress_robots_index":"","colormag_page_container_layout":"default_layout","colormag_page_sidebar_layout":"default_layout","footnotes":""},"categories":[10,7],"tags":[],"class_list":["post-38764","post","type-post","status-publish","format-video","has-post-thumbnail","hentry","category-opiniones","category-videos","post_format-post-format-video"],"acf":[],"_links":{"self":[{"href":"https:\/\/vocesparalelas.com.ar\/sitio\/wp-json\/wp\/v2\/posts\/38764","targetHints":{"allow":["GET"]}}],"collection":[{"href":"https:\/\/vocesparalelas.com.ar\/sitio\/wp-json\/wp\/v2\/posts"}],"about":[{"href":"https:\/\/vocesparalelas.com.ar\/sitio\/wp-json\/wp\/v2\/types\/post"}],"author":[{"embeddable":true,"href":"https:\/\/vocesparalelas.com.ar\/sitio\/wp-json\/wp\/v2\/users\/3"}],"replies":[{"embeddable":true,"href":"https:\/\/vocesparalelas.com.ar\/sitio\/wp-json\/wp\/v2\/comments?post=38764"}],"version-history":[{"count":1,"href":"https:\/\/vocesparalelas.com.ar\/sitio\/wp-json\/wp\/v2\/posts\/38764\/revisions"}],"predecessor-version":[{"id":38772,"href":"https:\/\/vocesparalelas.com.ar\/sitio\/wp-json\/wp\/v2\/posts\/38764\/revisions\/38772"}],"wp:featuredmedia":[{"embeddable":true,"href":"https:\/\/vocesparalelas.com.ar\/sitio\/wp-json\/wp\/v2\/media\/38766"}],"wp:attachment":[{"href":"https:\/\/vocesparalelas.com.ar\/sitio\/wp-json\/wp\/v2\/media?parent=38764"}],"wp:term":[{"taxonomy":"category","embeddable":true,"href":"https:\/\/vocesparalelas.com.ar\/sitio\/wp-json\/wp\/v2\/categories?post=38764"},{"taxonomy":"post_tag","embeddable":true,"href":"https:\/\/vocesparalelas.com.ar\/sitio\/wp-json\/wp\/v2\/tags?post=38764"}],"curies":[{"name":"wp","href":"https:\/\/api.w.org\/{rel}","templated":true}]}}