{"id":38756,"date":"2021-06-16T00:12:54","date_gmt":"2021-06-16T03:12:54","guid":{"rendered":"http:\/\/vocesparalelas.com.ar\/sitio\/?p=38756"},"modified":"2021-06-16T22:57:17","modified_gmt":"2021-06-17T01:57:17","slug":"10-aniversario-del-observatorio-de-cooperacion-ciudad-universidad","status":"publish","type":"post","link":"https:\/\/vocesparalelas.com.ar\/sitio\/10-aniversario-del-observatorio-de-cooperacion-ciudad-universidad\/","title":{"rendered":"10\u00b0 aniversario del Observatorio de Cooperaci\u00f3n Ciudad \u2013 Universidad"},"content":{"rendered":"<p>El Mi\u00e9rcoles, 16 de Junio a las 16hs.; GMT-3, se realiza un acto conmemorativo en celebraci\u00f3n del 10\u00b0 aniversario del Observatorio de Cooperaci\u00f3n Ciudad \u2013 Universidad, en donde se distingue a diversas iniciativas de intercambio de toda la regi\u00f3n y se presenta el \u201cCiclo de di\u00e1logos Universidad \u2013 Ciudad\u201d.<\/p>\n<p>Inscripciones abiertas.<\/p>\n<p>Se invita a participar a la comunidad universitaria, funcionarios de gobiernos locales y p\u00fablico en general interesado en la tem\u00e1tica.<\/p>\n<p>Durante la jornada, que es presidida por el rector de la Universidad Nacional del Litoral en representaci\u00f3n de AUGM, Ing. Enrique Mammarella, y la secretaria ejecutiva de Mercociudades, Mg. Marcela Petrantonio, secretaria de Desarrollo Productivo y Relaciones Internacionales de Tandil, Buenos Aires, Argentina, se realiza la entrega de diplomas de distinci\u00f3n a la innovaci\u00f3n a buenas pr\u00e1cticas de trabajo colaborativo entre gobiernos locales y universidades p\u00fablicas.<\/p>\n<p>Adem\u00e1s, se presenta el \u201cCiclo de di\u00e1logos Universidad \u2013 Ciudad\u201d, un espacio en el que las y los protagonistas de estas buenas pr\u00e1cticas, intercambian sobre sus alcances y desaf\u00edos.<\/p>\n<p>El Observatorio de Cooperaci\u00f3n Ciudad \u2013 Universidad \u2013 OCCU &#8211; es una iniciativa conjunta creada por Mercociudades y la Asociaci\u00f3n de Universidades Grupo Montevideo, con el objetivo de fortalecer los mecanismos de cooperaci\u00f3n, interacci\u00f3n y\/o vinculaci\u00f3n tecnol\u00f3gica entre las universidades p\u00fablicas y ciudades de Am\u00e9rica del Sur.<\/p>\n<p>El OCCU cuenta en su acervo con un banco de buenas pr\u00e1cticas con m\u00e1s de un centenar de experiencias exitosas de intercambio entre gobiernos locales y universidades de la regi\u00f3n.<\/p>\n<p>A trav\u00e9s de esta iniciativa se facilita la comunicaci\u00f3n directa entre equipos de investigaci\u00f3n, profesionales y t\u00e9cnicos, responsables de estas experiencias.<\/p>\n<p>Quienes deseen participar deben completar el formulario de inscripci\u00f3n.<\/p>\n<p><a href=\"https:\/\/docs.google.com\/forms\/d\/1yRLwbHYJBlHN2lKOv7AvauDqVllovoJPbnZKdCIJSGA\/viewform?edit_requested=true\">https:\/\/docs.google.com\/forms\/d\/1yRLwbHYJBlHN2lKOv7AvauDqVllovoJPbnZKdCIJSGA\/viewform?edit_requested=true<\/a><\/p>\n<p>Los asistentes reciben un certificado de participaci\u00f3n<\/p>\n<p>&nbsp;<\/p>\n<p>&nbsp;<\/p>\n<p>&nbsp;<\/p>\n","protected":false},"excerpt":{"rendered":"<p>El Mi\u00e9rcoles, 16 de Junio a las 16hs.; GMT-3, se realiza un acto conmemorativo en celebraci\u00f3n del 10\u00b0 aniversario del<\/p>\n","protected":false},"author":3,"featured_media":38758,"comment_status":"closed","ping_status":"closed","sticky":false,"template":"","format":"standard","meta":{"_acf_changed":false,"_seopress_robots_primary_cat":"none","_seopress_titles_title":"","_seopress_titles_desc":"","_seopress_robots_index":"","colormag_page_container_layout":"default_layout","colormag_page_sidebar_layout":"default_layout","footnotes":""},"categories":[9],"tags":[],"class_list":["post-38756","post","type-post","status-publish","format-standard","has-post-thumbnail","hentry","category-cursos"],"acf":[],"_links":{"self":[{"href":"https:\/\/vocesparalelas.com.ar\/sitio\/wp-json\/wp\/v2\/posts\/38756","targetHints":{"allow":["GET"]}}],"collection":[{"href":"https:\/\/vocesparalelas.com.ar\/sitio\/wp-json\/wp\/v2\/posts"}],"about":[{"href":"https:\/\/vocesparalelas.com.ar\/sitio\/wp-json\/wp\/v2\/types\/post"}],"author":[{"embeddable":true,"href":"https:\/\/vocesparalelas.com.ar\/sitio\/wp-json\/wp\/v2\/users\/3"}],"replies":[{"embeddable":true,"href":"https:\/\/vocesparalelas.com.ar\/sitio\/wp-json\/wp\/v2\/comments?post=38756"}],"version-history":[{"count":1,"href":"https:\/\/vocesparalelas.com.ar\/sitio\/wp-json\/wp\/v2\/posts\/38756\/revisions"}],"predecessor-version":[{"id":38759,"href":"https:\/\/vocesparalelas.com.ar\/sitio\/wp-json\/wp\/v2\/posts\/38756\/revisions\/38759"}],"wp:featuredmedia":[{"embeddable":true,"href":"https:\/\/vocesparalelas.com.ar\/sitio\/wp-json\/wp\/v2\/media\/38758"}],"wp:attachment":[{"href":"https:\/\/vocesparalelas.com.ar\/sitio\/wp-json\/wp\/v2\/media?parent=38756"}],"wp:term":[{"taxonomy":"category","embeddable":true,"href":"https:\/\/vocesparalelas.com.ar\/sitio\/wp-json\/wp\/v2\/categories?post=38756"},{"taxonomy":"post_tag","embeddable":true,"href":"https:\/\/vocesparalelas.com.ar\/sitio\/wp-json\/wp\/v2\/tags?post=38756"}],"curies":[{"name":"wp","href":"https:\/\/api.w.org\/{rel}","templated":true}]}}