{"id":38752,"date":"2021-06-16T22:14:37","date_gmt":"2021-06-17T01:14:37","guid":{"rendered":"http:\/\/vocesparalelas.com.ar\/sitio\/?p=38752"},"modified":"2021-06-18T00:56:40","modified_gmt":"2021-06-18T03:56:40","slug":"catedra-abierta-educacion-y-memoria","status":"publish","type":"post","link":"https:\/\/vocesparalelas.com.ar\/sitio\/catedra-abierta-educacion-y-memoria\/","title":{"rendered":"C\u00e1tedra abierta \u201cEducaci\u00f3n y Memoria\u201d"},"content":{"rendered":"<p>en el auditorio Eloy Camus, la Prof. Natalia Mariel, dependiente de la Subsecretaria de Planeamiento Educativo del Ministerio de Educaci\u00f3n inici\u00f3 la c\u00e1tedra abierta \u201cEducaci\u00f3n y Memoria\u201d destinada a docentes y alumnos de Nivel Superior.<\/p>\n<p>Los ejes tem\u00e1ticos que se abordaran durante el desarrollo de las clases de la c\u00e1tedra, que se extiende hasta el mes de octubre en forma semipresencial a trav\u00e9s de diez encuentros acreditando 120 horas, son: Memoria e Identidad, La Memoria Sanjuanina en Pandemia, Terrorismo de Estado, Memoria de la Shoa y Derechos Humanos. Tiene evaluaci\u00f3n final con la publicaci\u00f3n de los trabajos destacados.<\/p>\n<p>El cierre de la primera clase estuvo a cargo del doctor en Literatura Juan Mariel Erostarbe, quien expuso sobre la Iglesia Catedral como Espacio de Memoria Sanjuanino.<\/p>\n<p><span style=\"color: #008000;\"><strong>Cronograma de las clases<\/strong><\/span><\/p>\n<ul>\n<li>28 de Junio, \u201cTomar la palabra, refundar una nueva historia\u201d<\/li>\n<li>5 \u00a0de Julio, \u201cEl Holocausto y los procesos de construcci\u00f3n de la memoria de un acontecimiento l\u00edmite\u201d<\/li>\n<li>26 de Julio, \u201cLa Shoa\u201d.<\/li>\n<li>2 \u00a0de Agosto, \u201cLa ense\u00f1anza del pasado reciente\u201d<\/li>\n<li>16 de Agosto, \u201cComo vivimos la dictadura en San Juan\u201d<\/li>\n<li>6 de Septiembre, Malvinas en las aulas, soberan\u00eda, memoria y ciudadan\u00eda democr\u00e1tica en clave de g\u00e9nero\u201d.<\/li>\n<li>20 de Septiembre, \u201cMalvinas a trav\u00e9s de la mirada de un sanjuanino\u201d.<\/li>\n<li>4 \u00a0de Octubre, Metodolog\u00eda de la investigaci\u00f3n.<\/li>\n<\/ul>\n","protected":false},"excerpt":{"rendered":"<p>en el auditorio Eloy Camus, la Prof. Natalia Mariel, dependiente de la Subsecretaria de Planeamiento Educativo del Ministerio de Educaci\u00f3n<\/p>\n","protected":false},"author":3,"featured_media":38754,"comment_status":"closed","ping_status":"closed","sticky":false,"template":"","format":"standard","meta":{"_acf_changed":false,"_seopress_robots_primary_cat":"none","_seopress_titles_title":"","_seopress_titles_desc":"","_seopress_robots_index":"","colormag_page_container_layout":"default_layout","colormag_page_sidebar_layout":"default_layout","footnotes":""},"categories":[9],"tags":[],"class_list":["post-38752","post","type-post","status-publish","format-standard","has-post-thumbnail","hentry","category-cursos"],"acf":[],"_links":{"self":[{"href":"https:\/\/vocesparalelas.com.ar\/sitio\/wp-json\/wp\/v2\/posts\/38752","targetHints":{"allow":["GET"]}}],"collection":[{"href":"https:\/\/vocesparalelas.com.ar\/sitio\/wp-json\/wp\/v2\/posts"}],"about":[{"href":"https:\/\/vocesparalelas.com.ar\/sitio\/wp-json\/wp\/v2\/types\/post"}],"author":[{"embeddable":true,"href":"https:\/\/vocesparalelas.com.ar\/sitio\/wp-json\/wp\/v2\/users\/3"}],"replies":[{"embeddable":true,"href":"https:\/\/vocesparalelas.com.ar\/sitio\/wp-json\/wp\/v2\/comments?post=38752"}],"version-history":[{"count":1,"href":"https:\/\/vocesparalelas.com.ar\/sitio\/wp-json\/wp\/v2\/posts\/38752\/revisions"}],"predecessor-version":[{"id":38755,"href":"https:\/\/vocesparalelas.com.ar\/sitio\/wp-json\/wp\/v2\/posts\/38752\/revisions\/38755"}],"wp:featuredmedia":[{"embeddable":true,"href":"https:\/\/vocesparalelas.com.ar\/sitio\/wp-json\/wp\/v2\/media\/38754"}],"wp:attachment":[{"href":"https:\/\/vocesparalelas.com.ar\/sitio\/wp-json\/wp\/v2\/media?parent=38752"}],"wp:term":[{"taxonomy":"category","embeddable":true,"href":"https:\/\/vocesparalelas.com.ar\/sitio\/wp-json\/wp\/v2\/categories?post=38752"},{"taxonomy":"post_tag","embeddable":true,"href":"https:\/\/vocesparalelas.com.ar\/sitio\/wp-json\/wp\/v2\/tags?post=38752"}],"curies":[{"name":"wp","href":"https:\/\/api.w.org\/{rel}","templated":true}]}}