{"id":38737,"date":"2021-06-15T19:00:07","date_gmt":"2021-06-15T22:00:07","guid":{"rendered":"http:\/\/vocesparalelas.com.ar\/sitio\/?p=38737"},"modified":"2021-06-16T22:56:49","modified_gmt":"2021-06-17T01:56:49","slug":"conferencia-internacional-mujeres-en-la-iglesia-el-desafio-de-la-sinodalidad","status":"publish","type":"post","link":"https:\/\/vocesparalelas.com.ar\/sitio\/conferencia-internacional-mujeres-en-la-iglesia-el-desafio-de-la-sinodalidad\/","title":{"rendered":"Conferencia Internacional \u201cMujeres en la Iglesia, el desaf\u00edo de la sinodalidad\u201d"},"content":{"rendered":"<p>La Academia Latinoamericana de L\u00edderes Cat\u00f3licos invita a la Conferencia internacional \u201cMujeres en la Iglesia, el desaf\u00edo de la sinodalidad\u201d<\/p>\n<p>La conferencia\u00a0 la dicta la primer mujer en la historia de la Iglesia que tiene derecho a voto en los S\u00ednodos, la religiosa Nathalie Becquart, primera subsecretar\u00eda del S\u00ednodo de los Obispos en la Iglesia junto a tres referentes mundiales de liderazgo cat\u00f3lico en Europa, Am\u00e9rica y \u00c1frica; quienes abordan el tema \u00abMujeres en la Iglesia: el desaf\u00edo de la sinodalidad\u00bb.<\/p>\n<p><span style=\"color: #008080;\"><strong>Integrantes del conversatorio<\/strong><\/span><\/p>\n<ol>\n<li>a) Hna. Nathalie Becquart (Francia), primera mujer en ser subsecretaria del S\u00ednodo de los Obispos.<\/li>\n<li>b) Mons. Jorge Eduardo Lozano (Argentina), Secretario General del Consejo Episcopal Latinoamericano CELAM.<\/li>\n<li>c) Dra. Sophie Gladima (Senegal), Ministra de Energ\u00eda de Senegal y \u00fanica cat\u00f3lica en el gobierno musulm\u00e1n de ese pa\u00eds africano.<\/li>\n<li>d) Dra. Cristiane Murray (Brasil), primera mujer en ser vicedirectora de prensa de la Santa Sede.<\/li>\n<\/ol>\n<p>La conferencia es gratuita y con traducci\u00f3n simult\u00e1nea en espa\u00f1ol, ingl\u00e9s y franc\u00e9s.<\/p>\n<p>Para participar en la Conferencia, debe inscribirse en el enlace:<\/p>\n<p><a href=\"https:\/\/www.liderescatolicos.net\/mujeres\">https:\/\/www.liderescatolicos.net\/mujeres<\/a><\/p>\n<p><strong><span style=\"color: #008080;\">Horario de la conferencia<\/span><\/strong><\/p>\n<ul>\n<li>09:00 a 11:00 horas M\u00e9xico, Per\u00fa, Colombia.<\/li>\n<li>10:00 a 12:00 horas Chile, EEUU (New York).<\/li>\n<li>11:00 a 13:00 horas Argentina, Brasil, Uruguay.<\/li>\n<li>15:00 a 17:00 horas Portugal, Nigeria.<\/li>\n<li>16:00 a 18:00 horas Espa\u00f1a, Francia, Italia, Alemania.<\/li>\n<\/ul>\n<p><strong><span style=\"color: #008080;\">M\u00e1s informaci\u00f3n<\/span><\/strong><\/p>\n<p><strong><span style=\"color: #008080;\">Al correo electr\u00f3nico<\/span><\/strong><\/p>\n<p><a href=\"mailto:mujeres@liderescatolicos.net\">mujeres@liderescatolicos.net<\/a><\/p>\n<p><strong><span style=\"color: #008080;\">o inscribirse en el link<\/span><\/strong><\/p>\n<p><a href=\"https:\/\/www.liderescatolicos.net\/mujeres\">https:\/\/www.liderescatolicos.net\/mujeres<\/a><\/p>\n<p>&nbsp;<\/p>\n<p><img loading=\"lazy\" decoding=\"async\" class=\"alignnone wp-image-38739 size-full\" src=\"https:\/\/vocesparalelas.com.ar\/sitio\/wp-content\/uploads\/2021\/06\/CATOLICA-MUJERES.jpg\" alt=\"\" width=\"800\" height=\"800\" \/><\/p>\n","protected":false},"excerpt":{"rendered":"<p>La Academia Latinoamericana de L\u00edderes Cat\u00f3licos invita a la Conferencia internacional \u201cMujeres en la Iglesia, el desaf\u00edo de la sinodalidad\u201d<\/p>\n","protected":false},"author":3,"featured_media":38740,"comment_status":"closed","ping_status":"closed","sticky":false,"template":"","format":"standard","meta":{"_acf_changed":false,"_seopress_robots_primary_cat":"none","_seopress_titles_title":"","_seopress_titles_desc":"","_seopress_robots_index":"","colormag_page_container_layout":"default_layout","colormag_page_sidebar_layout":"default_layout","footnotes":""},"categories":[9],"tags":[],"class_list":["post-38737","post","type-post","status-publish","format-standard","has-post-thumbnail","hentry","category-cursos"],"acf":[],"_links":{"self":[{"href":"https:\/\/vocesparalelas.com.ar\/sitio\/wp-json\/wp\/v2\/posts\/38737","targetHints":{"allow":["GET"]}}],"collection":[{"href":"https:\/\/vocesparalelas.com.ar\/sitio\/wp-json\/wp\/v2\/posts"}],"about":[{"href":"https:\/\/vocesparalelas.com.ar\/sitio\/wp-json\/wp\/v2\/types\/post"}],"author":[{"embeddable":true,"href":"https:\/\/vocesparalelas.com.ar\/sitio\/wp-json\/wp\/v2\/users\/3"}],"replies":[{"embeddable":true,"href":"https:\/\/vocesparalelas.com.ar\/sitio\/wp-json\/wp\/v2\/comments?post=38737"}],"version-history":[{"count":1,"href":"https:\/\/vocesparalelas.com.ar\/sitio\/wp-json\/wp\/v2\/posts\/38737\/revisions"}],"predecessor-version":[{"id":38741,"href":"https:\/\/vocesparalelas.com.ar\/sitio\/wp-json\/wp\/v2\/posts\/38737\/revisions\/38741"}],"wp:featuredmedia":[{"embeddable":true,"href":"https:\/\/vocesparalelas.com.ar\/sitio\/wp-json\/wp\/v2\/media\/38740"}],"wp:attachment":[{"href":"https:\/\/vocesparalelas.com.ar\/sitio\/wp-json\/wp\/v2\/media?parent=38737"}],"wp:term":[{"taxonomy":"category","embeddable":true,"href":"https:\/\/vocesparalelas.com.ar\/sitio\/wp-json\/wp\/v2\/categories?post=38737"},{"taxonomy":"post_tag","embeddable":true,"href":"https:\/\/vocesparalelas.com.ar\/sitio\/wp-json\/wp\/v2\/tags?post=38737"}],"curies":[{"name":"wp","href":"https:\/\/api.w.org\/{rel}","templated":true}]}}