{"id":38732,"date":"2021-06-15T00:08:11","date_gmt":"2021-06-15T03:08:11","guid":{"rendered":"http:\/\/vocesparalelas.com.ar\/sitio\/?p=38732"},"modified":"2021-06-16T00:36:52","modified_gmt":"2021-06-16T03:36:52","slug":"san-juan-canta-tesoros-del-mundo-coral","status":"publish","type":"post","link":"https:\/\/vocesparalelas.com.ar\/sitio\/san-juan-canta-tesoros-del-mundo-coral\/","title":{"rendered":"San Juan Canta \u00abTesoros del Mundo Coral\u00bb"},"content":{"rendered":"<div class=\"itemFullText\">\n<p>Con la participaci\u00f3n especial de 15 agrupaciones musicales de todo el mundo, comienza la primera edici\u00f3n virtual de San Juan Canta bajo el lema Tesoros del Mundo Coral.<\/p>\n<p>A diferencia de a\u00f1os anteriores, este prestigioso Festival Internacional de Coros es de modalidad virtual debido a la pandemia.<\/p>\n<p>Comienza el Viernes, 18 de Junio, a las 20 horas y se extiende hasta el Domingo, 20 de Junio con presentaciones art\u00edsticas.<\/p>\n<p>Con el apoyo del Ministerio de Turismo y Cultura de la Provincia y el auspicio de la Red Coral Argentina, cada una de las agrupaciones intervendr\u00e1 con un amplio repertorio.<\/p>\n<p>\u201cHemos conseguido la adhesi\u00f3n de coros de Am\u00e9rica, Europa y Asia que mandaron sus videos personalizados para participar de estos conciertos virtuales. Es muy interesante porque habr\u00e1 coros representando a distintas culturas del mundo con la palabra de bienvenida de cada uno de sus directores\u201d, destac\u00f3 Mar\u00eda Elina Mayorga, directora art\u00edstica de San Juan Canta.<\/p>\n<p>El evento es totalmente gratuito y con acceso al p\u00fablico en general. Se podr\u00e1 disfrutar mediante los canales de YouTube de<\/p>\n<ul>\n<li>San Juan Canta<\/li>\n<li>Gobierno de San Juan<\/li>\n<li>Red Coral Argentina<\/li>\n<\/ul>\n<p>Por su parte, adem\u00e1s de la programaci\u00f3n especial de m\u00fasica, organizan seminarios en Zoom y capacitaciones gratuitas para este viernes desde las 17 hs.<\/p>\n<p><strong><span style=\"color: #339966;\">Inscripciones disponibles en<\/span><\/strong><\/p>\n<p><a href=\"https:\/\/docs.google.com\/forms\/d\/e\/1FAIpQLSc4nC9-psNUs9h7P5lhyyzvnTRo5QPQzQHCVgC4CGTAIzI7kw\/viewform?fbclid=IwAR0cWuhv1Z7KsDNjZitMSh5Z5t0mtwyWTFLxJ5_dFEFQtHLOVTeWDdegRT4\">https:\/\/docs.google.com\/forms\/d\/e\/1FAIpQLSc4nC9-psNUs9h7P5lhyyzvnTRo5QPQzQHCVgC4CGTAIzI7kw\/viewform?fbclid=IwAR0cWuhv1Z7KsDNjZitMSh5Z5t0mtwyWTFLxJ5_dFEFQtHLOVTeWDdegRT4<\/a><\/p>\n<p><strong><span style=\"color: #339966;\">Cronograma de conciertos<\/span><\/strong><\/p>\n<p><strong><span style=\"color: #339966;\">Viernes, 18 de Junio<\/span><\/strong><\/p>\n<p>La presentaci\u00f3n de bienvenida ser\u00e1 a cargo de la ministra de Turismo y Cultura Claudia Grynszpan y el coro organizador del certamen Arturo Beruti bajo conducci\u00f3n de Mar\u00eda Elina Mayorga. Adem\u00e1s, participar\u00e1n Polif\u00f3nica Chamber Choir, a cargo de Pavel Shepelev, de Minsk (Bielorrusia); el Bogazi\u00e7i Youth Choir, a cargo de Masis Aram G\u00f6zbek, desde Estambul (Turqu\u00eda); el Oregon Repertory Singers, de Ethan Sperry, de Estados Unidos; y Voces Fidelis, dirigido por Emi Kajiyama de Tokio (Jap\u00f3n).<\/p>\n<p><span style=\"color: #339966;\"><strong>S\u00e1bado, 19 de Junio<\/strong><\/span><\/p>\n<p>La apertura de dicha jornada estar\u00e1 a cargo del Presidente del Jurado Dr. Tj Harper. El p\u00fablico podr\u00e1 disfrutar de la m\u00fasica de los siguientes coros: Estudio Coral de Buenos Aires (ECBA), a cargo del distinguido Les Luthiers, Carlos L\u00f3pez Puccio; el Ellerhein Girls&#8217; Choir, de Ingrid K\u00f6rvits (Tallinn, Estonia); y el Coral Nacional Sim\u00f3n Bol\u00edvar, de Lourdes S\u00e1nchez (Caracas, Venezuela).<\/p>\n<p>Orfe\u00f3n Santiago con la conducci\u00f3n de Daria Abreu (de Santiago, Cuba). Cecilia Ensemble, de la fundadora y directora art\u00edstica Naomi Faran (de Beit Yitzhak, Israel); el Coro de C\u00e1mara Comunicantus, de Marco Antonio da Silva Ramos (de Sao Paulo, Brasil); el Bogazi\u00e7i Jazz Choir, de Masis Aram G\u00f6zbek (Turqu\u00eda); y el Portland State Chamber Choir, de Ethan Sperry.<\/p>\n<p><span style=\"color: #339966;\"><strong>Domingo, 20 de Junio<\/strong><\/span><\/p>\n<p>El director de la Red Coral Argentina, el maestro Hugo Castro dar\u00e1 la bienvenida. Por su parte, actuar\u00e1n en el cierre del certamen: Estudio Coral de Buenos Aires, el Orfe\u00f3n Santiago, el Coro de C\u00e1mara Comunicantus; el Moran Singers Ensemble, el Polifonica Chamber Choir; el Coral Nacional Sim\u00f3n Bol\u00edvar, el Ellerhein Girls&#8217; Choir; y el Coro Intermezzo, de David Ram\u00edrez, desde San Jos\u00e9 de Costa Rica.<\/p>\n<\/div>\n<div class=\"clr\"><\/div>\n<div class=\"itemContentFooter\"><\/div>\n<div><\/div>\n<div><\/div>\n<div><\/div>\n","protected":false},"excerpt":{"rendered":"<p>Con la participaci\u00f3n especial de 15 agrupaciones musicales de todo el mundo, comienza la primera edici\u00f3n virtual de San Juan<\/p>\n","protected":false},"author":3,"featured_media":38734,"comment_status":"closed","ping_status":"closed","sticky":false,"template":"","format":"standard","meta":{"_acf_changed":false,"_seopress_robots_primary_cat":"none","_seopress_titles_title":"","_seopress_titles_desc":"","_seopress_robots_index":"","colormag_page_container_layout":"default_layout","colormag_page_sidebar_layout":"default_layout","footnotes":""},"categories":[20],"tags":[],"class_list":["post-38732","post","type-post","status-publish","format-standard","has-post-thumbnail","hentry","category-cartelera"],"acf":[],"_links":{"self":[{"href":"https:\/\/vocesparalelas.com.ar\/sitio\/wp-json\/wp\/v2\/posts\/38732","targetHints":{"allow":["GET"]}}],"collection":[{"href":"https:\/\/vocesparalelas.com.ar\/sitio\/wp-json\/wp\/v2\/posts"}],"about":[{"href":"https:\/\/vocesparalelas.com.ar\/sitio\/wp-json\/wp\/v2\/types\/post"}],"author":[{"embeddable":true,"href":"https:\/\/vocesparalelas.com.ar\/sitio\/wp-json\/wp\/v2\/users\/3"}],"replies":[{"embeddable":true,"href":"https:\/\/vocesparalelas.com.ar\/sitio\/wp-json\/wp\/v2\/comments?post=38732"}],"version-history":[{"count":1,"href":"https:\/\/vocesparalelas.com.ar\/sitio\/wp-json\/wp\/v2\/posts\/38732\/revisions"}],"predecessor-version":[{"id":38735,"href":"https:\/\/vocesparalelas.com.ar\/sitio\/wp-json\/wp\/v2\/posts\/38732\/revisions\/38735"}],"wp:featuredmedia":[{"embeddable":true,"href":"https:\/\/vocesparalelas.com.ar\/sitio\/wp-json\/wp\/v2\/media\/38734"}],"wp:attachment":[{"href":"https:\/\/vocesparalelas.com.ar\/sitio\/wp-json\/wp\/v2\/media?parent=38732"}],"wp:term":[{"taxonomy":"category","embeddable":true,"href":"https:\/\/vocesparalelas.com.ar\/sitio\/wp-json\/wp\/v2\/categories?post=38732"},{"taxonomy":"post_tag","embeddable":true,"href":"https:\/\/vocesparalelas.com.ar\/sitio\/wp-json\/wp\/v2\/tags?post=38732"}],"curies":[{"name":"wp","href":"https:\/\/api.w.org\/{rel}","templated":true}]}}