{"id":38728,"date":"2021-06-14T21:50:04","date_gmt":"2021-06-15T00:50:04","guid":{"rendered":"http:\/\/vocesparalelas.com.ar\/sitio\/?p=38728"},"modified":"2021-06-14T21:50:04","modified_gmt":"2021-06-15T00:50:04","slug":"la-unsj-envio-su-respuesta-a-la-camara-federal-de-mendoza","status":"publish","type":"post","link":"https:\/\/vocesparalelas.com.ar\/sitio\/la-unsj-envio-su-respuesta-a-la-camara-federal-de-mendoza\/","title":{"rendered":"La UNSJ envi\u00f3 su respuesta a la C\u00e1mara Federal de Mendoza"},"content":{"rendered":"<p>En un extenso escrito, el cuerpo legal de la Universidad Nacional de San Juan present\u00f3 ante la C\u00e1mara Federal de Mendoza la respuesta a la resoluci\u00f3n que termin\u00f3 suspendiendo las elecciones que estuvieron previstas para el Jueves, 10 de Junio.<\/p>\n<p>Los abogados trabajaron durante todo el fin de semana para fundamentar el escrito, de decenas de folios, centr\u00e1ndose en el derecho humano a elegir y ser elegido que asiste a la totalidad de los y las docentes, cualquiera sea su condici\u00f3n, derecho que prim\u00f3 en el Consejo Superior a la hora de incluir a los interinos\/as regularizados\/as por una v\u00eda diferente a la del concurso de antecedentes y oposici\u00f3n.<\/p>\n<p>La presentaci\u00f3n, hecha sobre las 21 hs.; el Lunes, 14 de Junio, de manera digital, acort\u00f3 el plazo de cinco d\u00edas h\u00e1biles que hab\u00eda otorgado la C\u00e1mara para que la Universidad realizara su descargo, por lo que se estima que la resoluci\u00f3n judicial sobre si se autoriza o no la elecci\u00f3n en los t\u00e9rminos en que hab\u00eda sido planteada, tambi\u00e9n podr\u00eda adelantarse.<\/p>\n","protected":false},"excerpt":{"rendered":"<p>En un extenso escrito, el cuerpo legal de la Universidad Nacional de San Juan present\u00f3 ante la C\u00e1mara Federal de<\/p>\n","protected":false},"author":3,"featured_media":38589,"comment_status":"closed","ping_status":"closed","sticky":false,"template":"","format":"standard","meta":{"_acf_changed":false,"_seopress_robots_primary_cat":"none","_seopress_titles_title":"","_seopress_titles_desc":"","_seopress_robots_index":"","colormag_page_container_layout":"default_layout","colormag_page_sidebar_layout":"default_layout","footnotes":""},"categories":[1],"tags":[],"class_list":["post-38728","post","type-post","status-publish","format-standard","has-post-thumbnail","hentry","category-destacadas"],"acf":[],"_links":{"self":[{"href":"https:\/\/vocesparalelas.com.ar\/sitio\/wp-json\/wp\/v2\/posts\/38728","targetHints":{"allow":["GET"]}}],"collection":[{"href":"https:\/\/vocesparalelas.com.ar\/sitio\/wp-json\/wp\/v2\/posts"}],"about":[{"href":"https:\/\/vocesparalelas.com.ar\/sitio\/wp-json\/wp\/v2\/types\/post"}],"author":[{"embeddable":true,"href":"https:\/\/vocesparalelas.com.ar\/sitio\/wp-json\/wp\/v2\/users\/3"}],"replies":[{"embeddable":true,"href":"https:\/\/vocesparalelas.com.ar\/sitio\/wp-json\/wp\/v2\/comments?post=38728"}],"version-history":[{"count":1,"href":"https:\/\/vocesparalelas.com.ar\/sitio\/wp-json\/wp\/v2\/posts\/38728\/revisions"}],"predecessor-version":[{"id":38730,"href":"https:\/\/vocesparalelas.com.ar\/sitio\/wp-json\/wp\/v2\/posts\/38728\/revisions\/38730"}],"wp:featuredmedia":[{"embeddable":true,"href":"https:\/\/vocesparalelas.com.ar\/sitio\/wp-json\/wp\/v2\/media\/38589"}],"wp:attachment":[{"href":"https:\/\/vocesparalelas.com.ar\/sitio\/wp-json\/wp\/v2\/media?parent=38728"}],"wp:term":[{"taxonomy":"category","embeddable":true,"href":"https:\/\/vocesparalelas.com.ar\/sitio\/wp-json\/wp\/v2\/categories?post=38728"},{"taxonomy":"post_tag","embeddable":true,"href":"https:\/\/vocesparalelas.com.ar\/sitio\/wp-json\/wp\/v2\/tags?post=38728"}],"curies":[{"name":"wp","href":"https:\/\/api.w.org\/{rel}","templated":true}]}}