{"id":38724,"date":"2021-06-14T16:45:44","date_gmt":"2021-06-14T19:45:44","guid":{"rendered":"http:\/\/vocesparalelas.com.ar\/sitio\/?p=38724"},"modified":"2021-06-14T21:46:43","modified_gmt":"2021-06-15T00:46:43","slug":"el-bloque-pj-delineo-estrategias-para-el-trabajo-legislativo","status":"publish","type":"post","link":"https:\/\/vocesparalelas.com.ar\/sitio\/el-bloque-pj-delineo-estrategias-para-el-trabajo-legislativo\/","title":{"rendered":"El bloque PJ deline\u00f3 estrategias para el trabajo legislativo"},"content":{"rendered":"<div class=\"itemFullText jbintrotext\">\n<p>Los diputados del bloque Justicialista de la C\u00e1mara de San Juan llevaron a cabo una reuni\u00f3n en el recinto de sesiones para abordar diferentes asuntos legislativos.<\/p>\n<\/div>\n<div class=\"itemFullText\">\n<p>El encuentro estuvo encabezado por su presidente, diputado Juan Carlos Abarca; y participaron los legisladores Rub\u00e9n Carri\u00f3n, Leonardo Gioja, Rodolfo Jalife, Miguel N\u00fa\u00f1ez, Sim\u00f3n Ortiz, Jos\u00e9 Luis Esteve, Gustavo Rodr\u00edguez, Mario Romero, Juan Carlos Gioja, Gast\u00f3n Berenguer, Horacio Quiroga; y las legisladoras Celina Ramella, Graciela Seva, Florencia Pe\u00f1aloza, Fernanda Paredes y Marcela Monti.<\/p>\n<p>En la ocasi\u00f3n hablaron sobre diversas problem\u00e1ticas inherentes a la sociedad sanjuanina y la manera de articular proyectos de Ley que est\u00e1n en la agenda legislativa. A la vez, los legisladores formularon un balance de lo ejecutado hasta la fecha en materia estrictamente parlamentaria y dialogaron acerca de la metodolog\u00eda a implementar en el marco del trabajo permanente que cumplen cada una de las diecis\u00e9is comisiones y su impacto en el segundo semestre del a\u00f1o 2021.<\/p>\n<\/div>\n<p>&nbsp;<\/p>\n","protected":false},"excerpt":{"rendered":"<p>Los diputados del bloque Justicialista de la C\u00e1mara de San Juan llevaron a cabo una reuni\u00f3n en el recinto de<\/p>\n","protected":false},"author":3,"featured_media":38726,"comment_status":"closed","ping_status":"closed","sticky":false,"template":"","format":"standard","meta":{"_acf_changed":false,"_seopress_robots_primary_cat":"none","_seopress_titles_title":"","_seopress_titles_desc":"","_seopress_robots_index":"","colormag_page_container_layout":"default_layout","colormag_page_sidebar_layout":"default_layout","footnotes":""},"categories":[1],"tags":[],"class_list":["post-38724","post","type-post","status-publish","format-standard","has-post-thumbnail","hentry","category-destacadas"],"acf":[],"_links":{"self":[{"href":"https:\/\/vocesparalelas.com.ar\/sitio\/wp-json\/wp\/v2\/posts\/38724","targetHints":{"allow":["GET"]}}],"collection":[{"href":"https:\/\/vocesparalelas.com.ar\/sitio\/wp-json\/wp\/v2\/posts"}],"about":[{"href":"https:\/\/vocesparalelas.com.ar\/sitio\/wp-json\/wp\/v2\/types\/post"}],"author":[{"embeddable":true,"href":"https:\/\/vocesparalelas.com.ar\/sitio\/wp-json\/wp\/v2\/users\/3"}],"replies":[{"embeddable":true,"href":"https:\/\/vocesparalelas.com.ar\/sitio\/wp-json\/wp\/v2\/comments?post=38724"}],"version-history":[{"count":1,"href":"https:\/\/vocesparalelas.com.ar\/sitio\/wp-json\/wp\/v2\/posts\/38724\/revisions"}],"predecessor-version":[{"id":38727,"href":"https:\/\/vocesparalelas.com.ar\/sitio\/wp-json\/wp\/v2\/posts\/38724\/revisions\/38727"}],"wp:featuredmedia":[{"embeddable":true,"href":"https:\/\/vocesparalelas.com.ar\/sitio\/wp-json\/wp\/v2\/media\/38726"}],"wp:attachment":[{"href":"https:\/\/vocesparalelas.com.ar\/sitio\/wp-json\/wp\/v2\/media?parent=38724"}],"wp:term":[{"taxonomy":"category","embeddable":true,"href":"https:\/\/vocesparalelas.com.ar\/sitio\/wp-json\/wp\/v2\/categories?post=38724"},{"taxonomy":"post_tag","embeddable":true,"href":"https:\/\/vocesparalelas.com.ar\/sitio\/wp-json\/wp\/v2\/tags?post=38724"}],"curies":[{"name":"wp","href":"https:\/\/api.w.org\/{rel}","templated":true}]}}