{"id":38721,"date":"2021-06-14T17:22:11","date_gmt":"2021-06-14T20:22:11","guid":{"rendered":"http:\/\/vocesparalelas.com.ar\/sitio\/?p=38721"},"modified":"2021-06-14T22:09:45","modified_gmt":"2021-06-15T01:09:45","slug":"se-aprobo-el-pago-de-becas-a-estudiantes-de-la-unsj","status":"publish","type":"post","link":"https:\/\/vocesparalelas.com.ar\/sitio\/se-aprobo-el-pago-de-becas-a-estudiantes-de-la-unsj\/","title":{"rendered":"Se aprob\u00f3 el pago de becas a estudiantes de la UNSJ"},"content":{"rendered":"<p>Luego de un debate en que los consejeros estudiantiles tuvieron el protagonismo, el Consejo Superior de la Universidad Nacional de San Juan aprob\u00f3 el pago de becas a estudiantes en circunstancias especiales.<\/p>\n<p>Es que, dada la situaci\u00f3n, la propuesta de la Secretar\u00eda Administrativo Financiera fue pagar la beca b\u00e1sica, que es de 3.500 pesos mensuales, a los 1.850 estudiantes cuyas solicitudes ya fueron aprobadas por el cuerpo sesiones atr\u00e1s. El pago se har\u00e1 por cinco meses, de Marzo a Julio, lo que constituye la mitad de los diez meses por a\u00f1o que la UNSJ abona.<\/p>\n<p>Del an\u00e1lisis de la propuesta surge que a muchos\/as de esos de esos 1.850 estudiantes les corresponde beca completa y no beca b\u00e1sica. Por lo tanto, una vez realizado el pago, que se efectuar\u00e1 a la brevedad, se analizar\u00e1 en detalle a quienes corresponde este beneficio y se les pagar\u00e1 el retroactivo con la diferencia.<\/p>\n<p>Seg\u00fan inform\u00f3 el secretario Administrativo Financiera de la UNSJ, CPN Pablo Pad\u00edn, el pago que beneficia a estos 1.850 estudiantes implica una erogaci\u00f3n de casi 64 millones de pesos, los cuales saldr\u00e1n del presupuesto oficial de la UNSJ en un importe de 51 millones de pesos, en tanto que la diferencia, m\u00e1s lo que surja del an\u00e1lisis y las reconsideraciones, se destinar\u00e1 desde el fondo c\u00edclico que cre\u00f3 tiempo atr\u00e1s la UNSJ para situaciones extraordinarias.<\/p>\n<p><span style=\"color: #339966;\"><strong>Env\u00edo de informe a la Justicia<\/strong><\/span><\/p>\n<p>En otro orden, como ya se inform\u00f3, el cuerpo tom\u00f3 conocimiento que un equipo de la Direcci\u00f3n de Asuntos Legales, junto con la colaboraci\u00f3n del Departamento de Jur\u00eddica de la FACSO y otros aportes, trabaj\u00f3 durante todo el fin de semana para dar respuesta al requerimiento de la C\u00e1mara Federal de Mendoza. Ese informe, seg\u00fan se explic\u00f3, estar\u00eda listo hoy mismo, para ser remitido al organismo judicial.<\/p>\n<p><span style=\"color: #339966;\"><strong>Sin asueto el Jueves, 17 de Junio<\/strong><\/span><\/p>\n<p>Por otro lado, el Consejo Superior tambi\u00e9n decidi\u00f3 dejar sin efecto el asueto en la UNSJ que estaba previsto para el Jueves, 17 de Junio, en funci\u00f3n de un posible ballotage eleccionario. Por tanto, ese d\u00eda las actividades acad\u00e9micas se desarrollan con normalidad.<\/p>\n<p>&nbsp;<\/p>\n<p>&nbsp;<\/p>\n<p>&nbsp;<\/p>\n<p>&nbsp;<\/p>\n","protected":false},"excerpt":{"rendered":"<p>Luego de un debate en que los consejeros estudiantiles tuvieron el protagonismo, el Consejo Superior de la Universidad Nacional de<\/p>\n","protected":false},"author":3,"featured_media":38589,"comment_status":"closed","ping_status":"closed","sticky":false,"template":"","format":"standard","meta":{"_acf_changed":false,"_seopress_robots_primary_cat":"none","_seopress_titles_title":"","_seopress_titles_desc":"","_seopress_robots_index":"","colormag_page_container_layout":"default_layout","colormag_page_sidebar_layout":"default_layout","footnotes":""},"categories":[1],"tags":[],"class_list":["post-38721","post","type-post","status-publish","format-standard","has-post-thumbnail","hentry","category-destacadas"],"acf":[],"_links":{"self":[{"href":"https:\/\/vocesparalelas.com.ar\/sitio\/wp-json\/wp\/v2\/posts\/38721","targetHints":{"allow":["GET"]}}],"collection":[{"href":"https:\/\/vocesparalelas.com.ar\/sitio\/wp-json\/wp\/v2\/posts"}],"about":[{"href":"https:\/\/vocesparalelas.com.ar\/sitio\/wp-json\/wp\/v2\/types\/post"}],"author":[{"embeddable":true,"href":"https:\/\/vocesparalelas.com.ar\/sitio\/wp-json\/wp\/v2\/users\/3"}],"replies":[{"embeddable":true,"href":"https:\/\/vocesparalelas.com.ar\/sitio\/wp-json\/wp\/v2\/comments?post=38721"}],"version-history":[{"count":1,"href":"https:\/\/vocesparalelas.com.ar\/sitio\/wp-json\/wp\/v2\/posts\/38721\/revisions"}],"predecessor-version":[{"id":38723,"href":"https:\/\/vocesparalelas.com.ar\/sitio\/wp-json\/wp\/v2\/posts\/38721\/revisions\/38723"}],"wp:featuredmedia":[{"embeddable":true,"href":"https:\/\/vocesparalelas.com.ar\/sitio\/wp-json\/wp\/v2\/media\/38589"}],"wp:attachment":[{"href":"https:\/\/vocesparalelas.com.ar\/sitio\/wp-json\/wp\/v2\/media?parent=38721"}],"wp:term":[{"taxonomy":"category","embeddable":true,"href":"https:\/\/vocesparalelas.com.ar\/sitio\/wp-json\/wp\/v2\/categories?post=38721"},{"taxonomy":"post_tag","embeddable":true,"href":"https:\/\/vocesparalelas.com.ar\/sitio\/wp-json\/wp\/v2\/tags?post=38721"}],"curies":[{"name":"wp","href":"https:\/\/api.w.org\/{rel}","templated":true}]}}