{"id":38713,"date":"2021-06-14T20:17:57","date_gmt":"2021-06-14T23:17:57","guid":{"rendered":"http:\/\/vocesparalelas.com.ar\/sitio\/?p=38713"},"modified":"2021-06-14T20:17:57","modified_gmt":"2021-06-14T23:17:57","slug":"se-entrego-el-plan-bienal-contra-la-trata-para-reforzar-el-trabajo-que-se-realiza-en-san-juan","status":"publish","type":"post","link":"https:\/\/vocesparalelas.com.ar\/sitio\/se-entrego-el-plan-bienal-contra-la-trata-para-reforzar-el-trabajo-que-se-realiza-en-san-juan\/","title":{"rendered":"Se entreg\u00f3 el Plan Bienal Contra la Trata para reforzar el trabajo que se realiza en San Juan"},"content":{"rendered":"<p>El gobernador U\u00f1ac recibi\u00f3 este lunes la visita del titular del Comit\u00e9 ejecutivo de Lucha contra la Trata de Personas para la protecci\u00f3n y asistencia a sus v\u00edctimas, dependiente de la Jefatura de Gabinete de ministros de la Naci\u00f3n, Gustavo Vera.<\/p>\n<p>Lo acompa\u00f1aron los ministros de Desarrollo Humano y Promoci\u00f3n Social, Fabian Aballay; de Gobierno, Fabiola Aubone; la secretaria de Gobierno, Justicia y DD.HH, Nerina Eusebi; el subsecretario de Promoci\u00f3n, Protecci\u00f3n y Desarrollo Social, Marcos Andino; director de Ni\u00f1ez, Adolescencia y Familia, Carlos Olivera y la directora de la Mujer, Adriana Ginestar.<\/p>\n<p>En la oportunidad, seg\u00fan detall\u00f3 Vera \u00able hizo entrega al gobernador el Plan Bienal Contra la Trata elaborado por el Poder Ejecutivo junto con 44 organismos asociados, que propone como uno de los ejes principales la articulaci\u00f3n federal \u201ccomo una manera de reforzar desde el Estado nacional la mesa interinstitucional, que ya existe, sobre el tema Trata de personas en la provincia de San Juan, sum\u00e1ndole los organismos nacionales presentes ac\u00e1 y en la regi\u00f3n como Migraciones, Trabajo, AFIP; UIF (Unidad de Informaci\u00f3n Financiera), Programa Rescate, de manera que podamos trabajar regular y mancomunadamente entre organismos de los estados nacional y provincial y la Justicia Federal, que participa tambi\u00e9n en esta mesa\u201d.<\/p>\n<p>El Plan Bienal Contra la Trata 2020 &#8211; 2022 consiste en cien acciones de prevenci\u00f3n, asistencia a las v\u00edctimas, persecuci\u00f3n a las redes delictivas y fortalecimiento y articulaci\u00f3n institucional en la que participan m\u00e1s de cuarenta organismos nacionales, internacionales, provinciales y municipales.<\/p>\n<p>Consultado sobre este Plan, el funcionario nacional respondi\u00f3 que \u201ccon este programa pretendemos mejorar la prevenci\u00f3n, la persecuci\u00f3n de las redes de Trata con fines de explotaci\u00f3n sexual, de explotaci\u00f3n laboral, tr\u00e1fico de \u00f3rganos, tejidos y fluidos, mendicidad forzada y mejorar la performance de la restituci\u00f3n de Derechos a la v\u00edctima. Estamos avanzando en varios proyectos sobre la asistencia a los damnificados, incluido un estatuto especial de acceso a la vivienda con Naci\u00f3n\u201d.<\/p>\n<p>Como conclusi\u00f3n, Vera afirm\u00f3 que \u201cesto tiene que converger en un trabajo inteligente y mancomunado en mesas de trabajo interinstitucionales en cada provincia, como ya est\u00e1n funcionando en muchas de ellas\u201d.<\/p>\n<p>El funcionario nacional destac\u00f3 adem\u00e1s el trabajo que se viene realizando en la provincia.<\/p>\n<p>Por su parte, el ministro Aballay indic\u00f3 que con la visita de Vera se continuar\u00e1n articulando distintas acciones y que el encuentro sirvi\u00f3 para escuchar cual es el mensaje de \u00e9l como titular del \u00e1rea.<\/p>\n<p>Seguidamente explic\u00f3 que en San Juan hay una mesa interinstitucional con miembros de distintas \u00e1reas gubernamentales y de justicia que sientan las bases para trabajar en contra de la Trata.<\/p>\n<p>Para finalizar, Aballay manifest\u00f3 que \u00abla presencia del titular Nacional de este \u00e1rea no hace m\u00e1s que federalizar esta posibilidad y es un gran gesto que visite todas las provincias del pa\u00eds\u00bb.<\/p>\n<p><span style=\"color: #339966;\"><strong>Sobre Gustavo Vera<\/strong><\/span><\/p>\n<p>Gustavo Vera es un docente, pol\u00edtico y activista social argentino. Fundador y director (actualmente en uso de licencia) de la Fundaci\u00f3n La Alameda, que lucha contra la trata de personas, el trabajo esclavo, la explotaci\u00f3n infantil, el proxenetismo, el narcotr\u00e1fico y el lavado de dinero.<\/p>\n<p>Desde marzo de 2020 se desempe\u00f1a como titular del \u00abComit\u00e9 Ejecutivo de Lucha contra la Trata de Personas y para la protecci\u00f3n y asistencia a sus v\u00edctimas\u00bb, creado por la ley 26.842, el cual funciona en el \u00e1mbito de Jefatura de Gabinete de Ministros de la Naci\u00f3n.<\/p>\n<p><iframe loading=\"lazy\" title=\"El gobernador recibi\u00f3 a Gustavo Vera para fortalecer la Lucha contra la Trata de personas\" width=\"800\" height=\"450\" src=\"https:\/\/www.youtube.com\/embed\/JbOjV6iwuXs?feature=oembed\" frameborder=\"0\" allow=\"accelerometer; autoplay; clipboard-write; encrypted-media; gyroscope; picture-in-picture\" allowfullscreen><\/iframe><\/p>\n<p>&nbsp;<\/p>\n<p>&nbsp;<\/p>\n<p>&nbsp;<\/p>\n<p>&nbsp;<\/p>\n","protected":false},"excerpt":{"rendered":"<p>El gobernador U\u00f1ac recibi\u00f3 este lunes la visita del titular del Comit\u00e9 ejecutivo de Lucha contra la Trata de Personas<\/p>\n","protected":false},"author":3,"featured_media":38715,"comment_status":"closed","ping_status":"closed","sticky":false,"template":"","format":"standard","meta":{"_acf_changed":false,"_seopress_robots_primary_cat":"none","_seopress_titles_title":"","_seopress_titles_desc":"","_seopress_robots_index":"","colormag_page_container_layout":"default_layout","colormag_page_sidebar_layout":"default_layout","footnotes":""},"categories":[1],"tags":[],"class_list":["post-38713","post","type-post","status-publish","format-standard","has-post-thumbnail","hentry","category-destacadas"],"acf":[],"_links":{"self":[{"href":"https:\/\/vocesparalelas.com.ar\/sitio\/wp-json\/wp\/v2\/posts\/38713","targetHints":{"allow":["GET"]}}],"collection":[{"href":"https:\/\/vocesparalelas.com.ar\/sitio\/wp-json\/wp\/v2\/posts"}],"about":[{"href":"https:\/\/vocesparalelas.com.ar\/sitio\/wp-json\/wp\/v2\/types\/post"}],"author":[{"embeddable":true,"href":"https:\/\/vocesparalelas.com.ar\/sitio\/wp-json\/wp\/v2\/users\/3"}],"replies":[{"embeddable":true,"href":"https:\/\/vocesparalelas.com.ar\/sitio\/wp-json\/wp\/v2\/comments?post=38713"}],"version-history":[{"count":1,"href":"https:\/\/vocesparalelas.com.ar\/sitio\/wp-json\/wp\/v2\/posts\/38713\/revisions"}],"predecessor-version":[{"id":38716,"href":"https:\/\/vocesparalelas.com.ar\/sitio\/wp-json\/wp\/v2\/posts\/38713\/revisions\/38716"}],"wp:featuredmedia":[{"embeddable":true,"href":"https:\/\/vocesparalelas.com.ar\/sitio\/wp-json\/wp\/v2\/media\/38715"}],"wp:attachment":[{"href":"https:\/\/vocesparalelas.com.ar\/sitio\/wp-json\/wp\/v2\/media?parent=38713"}],"wp:term":[{"taxonomy":"category","embeddable":true,"href":"https:\/\/vocesparalelas.com.ar\/sitio\/wp-json\/wp\/v2\/categories?post=38713"},{"taxonomy":"post_tag","embeddable":true,"href":"https:\/\/vocesparalelas.com.ar\/sitio\/wp-json\/wp\/v2\/tags?post=38713"}],"curies":[{"name":"wp","href":"https:\/\/api.w.org\/{rel}","templated":true}]}}