{"id":38707,"date":"2021-06-14T15:59:01","date_gmt":"2021-06-14T18:59:01","guid":{"rendered":"http:\/\/vocesparalelas.com.ar\/sitio\/?p=38707"},"modified":"2021-06-14T19:59:17","modified_gmt":"2021-06-14T22:59:17","slug":"un-convenio-de-jornadas-solidarias-en-centros-de-jubilados-en-los-50-anos-del-pami","status":"publish","type":"post","link":"https:\/\/vocesparalelas.com.ar\/sitio\/un-convenio-de-jornadas-solidarias-en-centros-de-jubilados-en-los-50-anos-del-pami\/","title":{"rendered":"Un convenio de jornadas solidarias en Centros de Jubilados en los 50 a\u00f1os del PAMI"},"content":{"rendered":"<div class=\"itemFullText jbintrotext\">\n<p>En el marco del 50\u00ba aniversario de creaci\u00f3n del Instituto Nacional de Servicios Sociales para Jubilados y Pensionados m\u00e1s conocido como PAMI, el vicegobernador CPN Roberto Gattoni particip\u00f3 de la firma de un convenio marco de colaboraci\u00f3n entre el PAMI y las provincias de San Juan, Catamarca, Chaco, Salta y Santiago del Estero.<\/p>\n<\/div>\n<div class=\"itemFullText\">\n<p>El acto fue llevado a cabo bajo la modalidad virtual. El titular del Poder Legislativo estuvo conectado desde la sala de Vicegobernadores junto al ministro de Desarrollo Humano y Promoci\u00f3n Social, Fabi\u00e1n Aballay; el director y el vicedirector del PAMI delegaci\u00f3n San Juan, Marzio Meglioli y Juan Garc\u00eda, respectivamente. Tambi\u00e9n participaron en forma remota desde sus provincias, la vicegobernadora de Chaco, Anal\u00eda Rach Quiroga; el vicegobernador de Salta, Antonio Marocco; el gobernador de Catamarca, Ra\u00fal Jalil; y el gobernador de Santiago del Estero, Gerardo Zamora. Por otra parte, estuvo la directora ejecutiva del PAMI Luana Volnovich; y el ministro del Interior de la Naci\u00f3n, Eduardo De Pedro.<\/p>\n<p>Cabe se\u00f1alar que la finalidad del acuerdo consiste en realizar jornadas solidarias de puesta en valor en Centros de Jubilados y Jubiladas.\u00a0 Sobre este asunto la directora del PAMI sostuvo que \u201cen el d\u00eda de hoy vamos a lanzar un programa que queremos hacerlo en cada rinc\u00f3n de la Argentina que tiene que ver con el momento que estamos viviendo ahora. M\u00e1s o menos el 85% de los adultos mayores del pa\u00eds ya est\u00e1n vacunados. Esto quiere decir que nosotros estamos ya empezando a planificar una nueva etapa sobre diversas pol\u00edticas del PAMI para esta poblaci\u00f3n que ha sido la m\u00e1s sacrificada, que tuvo que tener m\u00e1s cuidados. Pero que tambi\u00e9n ha sido la que ha recibido cuidados por parte del Estado, por ejemplo con la instrumentaci\u00f3n de la pol\u00edtica de los medicamentos gratuitos,\u00a0 que ha generado un cambio transformador en la vida de tres millones y medio de personas. Ha sido un eje de este gobierno cuidar y proteger a nuestros adultos mayores. El PAMI ha intentado acompa\u00f1ar en todo lo que fueron las pol\u00edticas de cuidado y protecci\u00f3n y luego de vacunaci\u00f3n\u201d.<\/p>\n<p>Luego a\u00f1adi\u00f3 \u201ceste programa que hoy presentamos tiene que ver con algo muy importante dado a que los adultos mayores han tenido que estar mucho tiempo encerrados durante mucho tiempo. La soledad y el aislamiento no solo te hacen menos feliz sino que tambi\u00e9n son malos para la salud. Por lo tanto la responsabilidad del Estado es volver a reconstruir los lazos de socializaci\u00f3n, volver a tener actividades que permitan volver a tener una vida normal. Y los Centros de Jubilados, el PAMI cuenta con una red de aproximadamente cuatro mil centros en toda la argentina, son unos de los lugares donde nosotros consideramos que nuestros afiliados deben, pueden y debemos promover que se junten\u201d.<\/p>\n<p>A su turno, el vicegobernador Roberto Gattoni transmiti\u00f3 los saludos del titular del Poder Ejecutivo, Sergio U\u00f1ac, por encontrarse en un acto que tiene que ver con dotar de fibra \u00f3ptica a los departamentos alejados de la provincia, obra que se financia con fondos fiduciarios provisto por el Ministerio del Interior. Luego, destac\u00f3 la articulaci\u00f3n entre el gobierno nacional, el gobierno provincial y los centros de jubilados; y expres\u00f3 \u00a0\u201cesto resulta muy importante porque potencia el ejercicio del federalismo que propicia el presidente Alberto Fern\u00e1ndez\u201d. Y tambi\u00e9n puso en valor que \u201ca pesar de esta pandemia, las cuestiones coyunturales no dejan de hacernos pensar en las cuestiones importantes como generar acciones que tengan que ver con brindar m\u00e1s y mejores servicios a nuestros jubilados y jubiladas, para contribuir a mejorar su calidad de vida\u201d.<\/p>\n<p>Tambi\u00e9n hablaron, en la ocasi\u00f3n, la vicegobernadora de Chaco, el vicegobernador de Salta, y los titulares de los Poderes Ejecutivos de Catamarca y Santiago del Estero.<\/p>\n<p>Para finalizar, el ministro del Interior Eduardo De Pedro \u201cquiero saludar a todo el personal del PAMI por estos cincuenta a\u00f1os y resaltar el compromiso que tiene en el trabajo diario de esta obra social. Tambi\u00e9n quiero felicitar la gesti\u00f3n comprometida y transparente de la directora Luana Volnovich y de todo el equipo que la acompa\u00f1a\u201d. Asimismo, enfatiz\u00f3 en el Plan Medicamentos Gratis que garantiza el derecho al acceso a la salud de las jubiladas y los jubilados en el marco de la crisis epidemiol\u00f3gica. Sostuvo que a un a\u00f1o de su lanzamiento, el PAMI lleva invertido m\u00e1s de $93.000 millones que beneficia a 3.500.000 personas afiliadas, y de esta manera, los adultos mayores ahorran, en promedio, $3.700 mensuales que pueden destinar para su consumo personal.<\/p>\n<p>Por \u00faltimo, se refiri\u00f3 a la presente firma de convenio en las cinco provincias antes mencionadas y dijo que \u201cestamos generando inversi\u00f3n p\u00fablica, estamos garantizando derechos y tambi\u00e9n generando un mercado interno para poder reactivar la econom\u00eda en el medio de la pandemia\u201d.<\/p>\n<\/div>\n<p><img loading=\"lazy\" decoding=\"async\" class=\"alignnone wp-image-38710 size-full\" src=\"https:\/\/vocesparalelas.com.ar\/sitio\/wp-content\/uploads\/2021\/06\/CAMARA-PAMI-02.jpg\" alt=\"\" width=\"800\" height=\"522\" srcset=\"https:\/\/vocesparalelas.com.ar\/sitio\/wp-content\/uploads\/2021\/06\/CAMARA-PAMI-02.jpg 800w, https:\/\/vocesparalelas.com.ar\/sitio\/wp-content\/uploads\/2021\/06\/CAMARA-PAMI-02-300x196.jpg 300w, https:\/\/vocesparalelas.com.ar\/sitio\/wp-content\/uploads\/2021\/06\/CAMARA-PAMI-02-768x501.jpg 768w\" sizes=\"auto, (max-width: 800px) 100vw, 800px\" \/><\/p>\n<p>&nbsp;<\/p>\n","protected":false},"excerpt":{"rendered":"<p>En el marco del 50\u00ba aniversario de creaci\u00f3n del Instituto Nacional de Servicios Sociales para Jubilados y Pensionados m\u00e1s conocido<\/p>\n","protected":false},"author":3,"featured_media":38709,"comment_status":"closed","ping_status":"closed","sticky":false,"template":"","format":"standard","meta":{"_acf_changed":false,"_seopress_robots_primary_cat":"none","_seopress_titles_title":"","_seopress_titles_desc":"","_seopress_robots_index":"","colormag_page_container_layout":"default_layout","colormag_page_sidebar_layout":"default_layout","footnotes":""},"categories":[1],"tags":[],"class_list":["post-38707","post","type-post","status-publish","format-standard","has-post-thumbnail","hentry","category-destacadas"],"acf":[],"_links":{"self":[{"href":"https:\/\/vocesparalelas.com.ar\/sitio\/wp-json\/wp\/v2\/posts\/38707","targetHints":{"allow":["GET"]}}],"collection":[{"href":"https:\/\/vocesparalelas.com.ar\/sitio\/wp-json\/wp\/v2\/posts"}],"about":[{"href":"https:\/\/vocesparalelas.com.ar\/sitio\/wp-json\/wp\/v2\/types\/post"}],"author":[{"embeddable":true,"href":"https:\/\/vocesparalelas.com.ar\/sitio\/wp-json\/wp\/v2\/users\/3"}],"replies":[{"embeddable":true,"href":"https:\/\/vocesparalelas.com.ar\/sitio\/wp-json\/wp\/v2\/comments?post=38707"}],"version-history":[{"count":1,"href":"https:\/\/vocesparalelas.com.ar\/sitio\/wp-json\/wp\/v2\/posts\/38707\/revisions"}],"predecessor-version":[{"id":38711,"href":"https:\/\/vocesparalelas.com.ar\/sitio\/wp-json\/wp\/v2\/posts\/38707\/revisions\/38711"}],"wp:featuredmedia":[{"embeddable":true,"href":"https:\/\/vocesparalelas.com.ar\/sitio\/wp-json\/wp\/v2\/media\/38709"}],"wp:attachment":[{"href":"https:\/\/vocesparalelas.com.ar\/sitio\/wp-json\/wp\/v2\/media?parent=38707"}],"wp:term":[{"taxonomy":"category","embeddable":true,"href":"https:\/\/vocesparalelas.com.ar\/sitio\/wp-json\/wp\/v2\/categories?post=38707"},{"taxonomy":"post_tag","embeddable":true,"href":"https:\/\/vocesparalelas.com.ar\/sitio\/wp-json\/wp\/v2\/tags?post=38707"}],"curies":[{"name":"wp","href":"https:\/\/api.w.org\/{rel}","templated":true}]}}