{"id":38694,"date":"2021-06-14T12:26:37","date_gmt":"2021-06-14T15:26:37","guid":{"rendered":"http:\/\/vocesparalelas.com.ar\/sitio\/?p=38694"},"modified":"2021-06-14T12:33:27","modified_gmt":"2021-06-14T15:33:27","slug":"la-unsj-responde-hoy-el-informe-pedido-por-la-camara-federal-de-mendoza","status":"publish","type":"post","link":"https:\/\/vocesparalelas.com.ar\/sitio\/la-unsj-responde-hoy-el-informe-pedido-por-la-camara-federal-de-mendoza\/","title":{"rendered":"La UNSJ responde hoy el informe pedido por la C\u00e1mara Federal de Mendoza"},"content":{"rendered":"<p>Avanza en la ma\u00f1ana del Lunes, 14 de Junio, la sesi\u00f3n del Consejo Superior y entre los primeros temas a considerar, se dio a conocer que un equipo de la Direcci\u00f3n de Asuntos Legales, junto con la colaboraci\u00f3n del Departamento de Jur\u00eddica de la FACSO y otros aportes, trabaj\u00f3 durante todo el fin de semana para dar respuesta al requerimiento de la C\u00e1mara Federal de Mendoza. Ese informe, seg\u00fan se explic\u00f3, estar\u00eda listo hoy mismo, para ser remitido al organismo judicial.<\/p>\n<p>Como se recuerda, la C\u00e1mara hab\u00eda otorgado cinco d\u00edas h\u00e1biles para que la UNSJ formalice esa documentaci\u00f3n. La misma ser\u00e1 la base sobre la cual el organismo dictaminar\u00e1 sobre la medida cautelar que motiv\u00f3 la suspensi\u00f3n de elecciones.<\/p>\n<p>&nbsp;<\/p>\n<p>&nbsp;<\/p>\n","protected":false},"excerpt":{"rendered":"<p>Avanza en la ma\u00f1ana del Lunes, 14 de Junio, la sesi\u00f3n del Consejo Superior y entre los primeros temas a<\/p>\n","protected":false},"author":3,"featured_media":38589,"comment_status":"closed","ping_status":"closed","sticky":false,"template":"","format":"standard","meta":{"_acf_changed":false,"_seopress_robots_primary_cat":"none","_seopress_titles_title":"","_seopress_titles_desc":"","_seopress_robots_index":"","colormag_page_container_layout":"default_layout","colormag_page_sidebar_layout":"default_layout","footnotes":""},"categories":[1],"tags":[],"class_list":["post-38694","post","type-post","status-publish","format-standard","has-post-thumbnail","hentry","category-destacadas"],"acf":[],"_links":{"self":[{"href":"https:\/\/vocesparalelas.com.ar\/sitio\/wp-json\/wp\/v2\/posts\/38694","targetHints":{"allow":["GET"]}}],"collection":[{"href":"https:\/\/vocesparalelas.com.ar\/sitio\/wp-json\/wp\/v2\/posts"}],"about":[{"href":"https:\/\/vocesparalelas.com.ar\/sitio\/wp-json\/wp\/v2\/types\/post"}],"author":[{"embeddable":true,"href":"https:\/\/vocesparalelas.com.ar\/sitio\/wp-json\/wp\/v2\/users\/3"}],"replies":[{"embeddable":true,"href":"https:\/\/vocesparalelas.com.ar\/sitio\/wp-json\/wp\/v2\/comments?post=38694"}],"version-history":[{"count":1,"href":"https:\/\/vocesparalelas.com.ar\/sitio\/wp-json\/wp\/v2\/posts\/38694\/revisions"}],"predecessor-version":[{"id":38696,"href":"https:\/\/vocesparalelas.com.ar\/sitio\/wp-json\/wp\/v2\/posts\/38694\/revisions\/38696"}],"wp:featuredmedia":[{"embeddable":true,"href":"https:\/\/vocesparalelas.com.ar\/sitio\/wp-json\/wp\/v2\/media\/38589"}],"wp:attachment":[{"href":"https:\/\/vocesparalelas.com.ar\/sitio\/wp-json\/wp\/v2\/media?parent=38694"}],"wp:term":[{"taxonomy":"category","embeddable":true,"href":"https:\/\/vocesparalelas.com.ar\/sitio\/wp-json\/wp\/v2\/categories?post=38694"},{"taxonomy":"post_tag","embeddable":true,"href":"https:\/\/vocesparalelas.com.ar\/sitio\/wp-json\/wp\/v2\/tags?post=38694"}],"curies":[{"name":"wp","href":"https:\/\/api.w.org\/{rel}","templated":true}]}}