{"id":38690,"date":"2021-06-13T21:56:58","date_gmt":"2021-06-14T00:56:58","guid":{"rendered":"http:\/\/vocesparalelas.com.ar\/sitio\/?p=38690"},"modified":"2021-06-14T22:22:19","modified_gmt":"2021-06-15T01:22:19","slug":"inscripcion-para-ingreso-a-la-docencia-e-interinatos-y-suplencias-2022-para-zonas-alejadas-de-san-juan","status":"publish","type":"post","link":"https:\/\/vocesparalelas.com.ar\/sitio\/inscripcion-para-ingreso-a-la-docencia-e-interinatos-y-suplencias-2022-para-zonas-alejadas-de-san-juan\/","title":{"rendered":"Inscripci\u00f3n para Ingreso a la Docencia e Interinatos y Suplencias 2022 para zonas alejadas de San Juan"},"content":{"rendered":"<p>La Junta de Clasificaci\u00f3n Docente Rama Primaria informa a los docentes de Zonas Alejadas interesados en inscribirse para el Ingreso a la Docencia, Interinatos y Suplencias 2022, que los miembros de Junta se trasladar\u00e1n a los departamentos de Valle F\u00e9rtil, J\u00e1chal, Calingasta e Iglesia, a fin de recepcionar la documentaci\u00f3n para la valoraci\u00f3n de aspirantes que no puedan concurrir al turno acordado (comprendido entre el 01 de junio al 30 de noviembre del corriente a\u00f1o), cumpliendo con los requisitos estipulados en los Arts. 3\u00ba, 4\u00ba, 5\u00ba y 6\u00ba de la Resoluci\u00f3n N\u00ba 1210-ME-2021.<\/p>\n<p>Los docentes aspirantes, bajo estricto protocolo sanitario preventivo, deben asistir al lugar establecido por Junta Primaria, el d\u00eda y horario indicado; presentando toda la documentaci\u00f3n debidamente legalizada en un sobre (papel madera) abierto de acuerdo al siguiente cronograma:<\/p>\n<p><img loading=\"lazy\" decoding=\"async\" class=\"alignnone wp-image-38692 size-full\" src=\"https:\/\/vocesparalelas.com.ar\/sitio\/wp-content\/uploads\/2021\/06\/zonas-alejadas-inscripcion.jpg\" alt=\"\" width=\"640\" height=\"220\" srcset=\"https:\/\/vocesparalelas.com.ar\/sitio\/wp-content\/uploads\/2021\/06\/zonas-alejadas-inscripcion.jpg 640w, https:\/\/vocesparalelas.com.ar\/sitio\/wp-content\/uploads\/2021\/06\/zonas-alejadas-inscripcion-300x103.jpg 300w\" sizes=\"auto, (max-width: 640px) 100vw, 640px\" \/><\/p>\n<p>Por mayor informaci\u00f3n o consultas, comunicarse de 8 a 13 horas al 4302206.<\/p>\n<p>&nbsp;<\/p>\n<p>&nbsp;<\/p>\n","protected":false},"excerpt":{"rendered":"<p>La Junta de Clasificaci\u00f3n Docente Rama Primaria informa a los docentes de Zonas Alejadas interesados en inscribirse para el Ingreso<\/p>\n","protected":false},"author":3,"featured_media":31646,"comment_status":"closed","ping_status":"closed","sticky":false,"template":"","format":"standard","meta":{"_acf_changed":false,"_seopress_robots_primary_cat":"none","_seopress_titles_title":"","_seopress_titles_desc":"","_seopress_robots_index":"","colormag_page_container_layout":"default_layout","colormag_page_sidebar_layout":"default_layout","footnotes":""},"categories":[5],"tags":[],"class_list":["post-38690","post","type-post","status-publish","format-standard","has-post-thumbnail","hentry","category-ofrecimientos"],"acf":[],"_links":{"self":[{"href":"https:\/\/vocesparalelas.com.ar\/sitio\/wp-json\/wp\/v2\/posts\/38690","targetHints":{"allow":["GET"]}}],"collection":[{"href":"https:\/\/vocesparalelas.com.ar\/sitio\/wp-json\/wp\/v2\/posts"}],"about":[{"href":"https:\/\/vocesparalelas.com.ar\/sitio\/wp-json\/wp\/v2\/types\/post"}],"author":[{"embeddable":true,"href":"https:\/\/vocesparalelas.com.ar\/sitio\/wp-json\/wp\/v2\/users\/3"}],"replies":[{"embeddable":true,"href":"https:\/\/vocesparalelas.com.ar\/sitio\/wp-json\/wp\/v2\/comments?post=38690"}],"version-history":[{"count":1,"href":"https:\/\/vocesparalelas.com.ar\/sitio\/wp-json\/wp\/v2\/posts\/38690\/revisions"}],"predecessor-version":[{"id":38693,"href":"https:\/\/vocesparalelas.com.ar\/sitio\/wp-json\/wp\/v2\/posts\/38690\/revisions\/38693"}],"wp:featuredmedia":[{"embeddable":true,"href":"https:\/\/vocesparalelas.com.ar\/sitio\/wp-json\/wp\/v2\/media\/31646"}],"wp:attachment":[{"href":"https:\/\/vocesparalelas.com.ar\/sitio\/wp-json\/wp\/v2\/media?parent=38690"}],"wp:term":[{"taxonomy":"category","embeddable":true,"href":"https:\/\/vocesparalelas.com.ar\/sitio\/wp-json\/wp\/v2\/categories?post=38690"},{"taxonomy":"post_tag","embeddable":true,"href":"https:\/\/vocesparalelas.com.ar\/sitio\/wp-json\/wp\/v2\/tags?post=38690"}],"curies":[{"name":"wp","href":"https:\/\/api.w.org\/{rel}","templated":true}]}}