{"id":38686,"date":"2021-06-13T19:37:42","date_gmt":"2021-06-13T22:37:42","guid":{"rendered":"http:\/\/vocesparalelas.com.ar\/sitio\/?p=38686"},"modified":"2021-06-14T22:12:20","modified_gmt":"2021-06-15T01:12:20","slug":"queda-reservada-la-presencialidad-para-algunas-actividades-pero-continuan-las-clases-virtuales-en-los-preuniversitarios-de-la-unsj","status":"publish","type":"post","link":"https:\/\/vocesparalelas.com.ar\/sitio\/queda-reservada-la-presencialidad-para-algunas-actividades-pero-continuan-las-clases-virtuales-en-los-preuniversitarios-de-la-unsj\/","title":{"rendered":"Queda reservada la presencialidad para algunas actividades pero contin\u00faan las clases virtuales en los preuniversitarios de la UNSJ"},"content":{"rendered":"<p>Luego que diera a conocer la vuelta a la presencialidad en los institutos preuniversitarios, el secretario acad\u00e9mico Lic. Daniel Bustos rectific\u00f3 la informaci\u00f3n, aclarando c\u00f3mo ser\u00e1 en realidad la modalidad dispuesta en reuni\u00f3n paritaria. Concretamente, el texto del acta firmada dice lo siguiente:<\/p>\n<p>\u201c1-Dependiendo del estado sanitario de la provincia, la actividad de ense\u00f1anza-aprendizaje en los IPUs se desarrollar\u00e1, principalmente, en modo virtual para todo lo relacionado con el dictado de clases y las respectivas evaluaciones y en modo presencial para el desarrollo de pr\u00e1cticas de laboratorios, talleres, gabinetes, recomend\u00e1ndose reducir el n\u00famero de \u00e9stas a un m\u00ednimo, apelando al concepto de Pr\u00e1cticas Integradoras. Se dictar\u00e1n clases de consultas, pr\u00e1cticas y evaluaciones presenciales s\u00f3lo en aquellas asignaturas en las que sea necesario, siempre que exista la conformidad del docente para llevarlas a cabo.<\/p>\n<p>2-El trabajo docente presencial podr\u00e1 llevarse a cabo siempre y cuando est\u00e9n garantizadas efectivamente por la instituci\u00f3n las condiciones protocolares de salud, higiene y seguridad en el \u00e1mbito laboral establecidas por los Protocolos COVID-19 nacionales y locales vigentes. Los requerimientos de la parte empleadora hacia el docente deber\u00e1n respetar los l\u00edmites impuestos por la dedicaci\u00f3n, el horario laboral, el debido descanso y la necesaria desconexi\u00f3n del docente\u201d.<\/p>\n<p>De este modo, Lic. Daniel Bustos aclar\u00f3 que \u201cno se trata de una vuelta a la presencialidad por burbujas, sino que contin\u00faa el modo virtual para la mayor parte de las actividades, quedando reservada la presencialidad solamente para el desarrollo de algunas actividades.<\/p>\n<p>&nbsp;<\/p>\n<p><img loading=\"lazy\" decoding=\"async\" class=\"alignnone wp-image-37900 size-full\" src=\"https:\/\/vocesparalelas.com.ar\/sitio\/wp-content\/uploads\/2021\/05\/UNSJ-LOGOTIPO-01.jpg\" alt=\"\" width=\"800\" height=\"533\" srcset=\"https:\/\/vocesparalelas.com.ar\/sitio\/wp-content\/uploads\/2021\/05\/UNSJ-LOGOTIPO-01.jpg 800w, https:\/\/vocesparalelas.com.ar\/sitio\/wp-content\/uploads\/2021\/05\/UNSJ-LOGOTIPO-01-300x200.jpg 300w, https:\/\/vocesparalelas.com.ar\/sitio\/wp-content\/uploads\/2021\/05\/UNSJ-LOGOTIPO-01-768x512.jpg 768w\" sizes=\"auto, (max-width: 800px) 100vw, 800px\" \/><\/p>\n<p>&nbsp;<\/p>\n","protected":false},"excerpt":{"rendered":"<p>Luego que diera a conocer la vuelta a la presencialidad en los institutos preuniversitarios, el secretario acad\u00e9mico Lic. Daniel Bustos<\/p>\n","protected":false},"author":3,"featured_media":14441,"comment_status":"closed","ping_status":"closed","sticky":false,"template":"","format":"standard","meta":{"_acf_changed":false,"_seopress_robots_primary_cat":"none","_seopress_titles_title":"","_seopress_titles_desc":"","_seopress_robots_index":"","colormag_page_container_layout":"default_layout","colormag_page_sidebar_layout":"default_layout","footnotes":""},"categories":[5],"tags":[],"class_list":["post-38686","post","type-post","status-publish","format-standard","has-post-thumbnail","hentry","category-ofrecimientos"],"acf":[],"_links":{"self":[{"href":"https:\/\/vocesparalelas.com.ar\/sitio\/wp-json\/wp\/v2\/posts\/38686","targetHints":{"allow":["GET"]}}],"collection":[{"href":"https:\/\/vocesparalelas.com.ar\/sitio\/wp-json\/wp\/v2\/posts"}],"about":[{"href":"https:\/\/vocesparalelas.com.ar\/sitio\/wp-json\/wp\/v2\/types\/post"}],"author":[{"embeddable":true,"href":"https:\/\/vocesparalelas.com.ar\/sitio\/wp-json\/wp\/v2\/users\/3"}],"replies":[{"embeddable":true,"href":"https:\/\/vocesparalelas.com.ar\/sitio\/wp-json\/wp\/v2\/comments?post=38686"}],"version-history":[{"count":1,"href":"https:\/\/vocesparalelas.com.ar\/sitio\/wp-json\/wp\/v2\/posts\/38686\/revisions"}],"predecessor-version":[{"id":38688,"href":"https:\/\/vocesparalelas.com.ar\/sitio\/wp-json\/wp\/v2\/posts\/38686\/revisions\/38688"}],"wp:featuredmedia":[{"embeddable":true,"href":"https:\/\/vocesparalelas.com.ar\/sitio\/wp-json\/wp\/v2\/media\/14441"}],"wp:attachment":[{"href":"https:\/\/vocesparalelas.com.ar\/sitio\/wp-json\/wp\/v2\/media?parent=38686"}],"wp:term":[{"taxonomy":"category","embeddable":true,"href":"https:\/\/vocesparalelas.com.ar\/sitio\/wp-json\/wp\/v2\/categories?post=38686"},{"taxonomy":"post_tag","embeddable":true,"href":"https:\/\/vocesparalelas.com.ar\/sitio\/wp-json\/wp\/v2\/tags?post=38686"}],"curies":[{"name":"wp","href":"https:\/\/api.w.org\/{rel}","templated":true}]}}