{"id":38683,"date":"2021-06-13T19:16:45","date_gmt":"2021-06-13T22:16:45","guid":{"rendered":"http:\/\/vocesparalelas.com.ar\/sitio\/?p=38683"},"modified":"2021-06-14T22:21:36","modified_gmt":"2021-06-15T01:21:36","slug":"autoridades-y-candidatos-de-la-unsj-expresan-su-posicion-a-favor-de-la-ampliacion-de-derechos-y-la-inclusion","status":"publish","type":"post","link":"https:\/\/vocesparalelas.com.ar\/sitio\/autoridades-y-candidatos-de-la-unsj-expresan-su-posicion-a-favor-de-la-ampliacion-de-derechos-y-la-inclusion\/","title":{"rendered":"Autoridades y candidatos de la UNSJ expresan su posici\u00f3n a favor de la ampliaci\u00f3n de derechos y la inclusi\u00f3n"},"content":{"rendered":"<p>En virtud de la resoluci\u00f3n emitida por la C\u00e1mara Federal de Mendoza Sala A, que determin\u00f3\u00a0la suspensi\u00f3n del acto electoral convocado para el 10 de junio del presente a\u00f1o, las autoridades y los candidatos participantes del proceso electoral, declaramos:<\/p>\n<ul>\n<li>Nuestro respeto absoluto al estado de derecho y a las decisiones emanadas del Poder Judicial<\/li>\n<li>La urgente necesidad de normalizar la situaci\u00f3n institucional de la UNSJ, con mandatos vencidos y prorrogados por la asamblea universitaria desde hace un a\u00f1o, a trav\u00e9s de elecciones democr\u00e1ticas<\/li>\n<li>Nuestra posici\u00f3n a favor de la ampliaci\u00f3n de derechos y la inclusi\u00f3n<\/li>\n<li>La defensa irrestricta del derecho constitucional a elegir y a ser elegidos<\/li>\n<li>La necesidad de gestionar todos los recursos y mecanismos legales disponibles para hacer efectivo ese derecho en el menor tiempo posible<\/li>\n<\/ul>\n<p><strong>Ing. Oscar Nasisi, Mg. Rosa Garbarino, Lic. Ra\u00fal Garc\u00eda, Arq. Roberto Gomez, Lic. Rodolfo Bloch, Ing. Tadeo Berenguer, Dra. Ana Naranjo, Arq. Jorge Cocinero, Ing. Mario Fern\u00e1ndez, Ing. Andrea D\u00edaz,\u00a0Ing. Miguel Garc\u00e9s, Ing. Luc\u00eda Mart\u00edn, Dr. Mario Gim\u00e9nez, Mg. Myriam Arrabal, Prof. Marcelo V\u00e1squez, Dr. Marcelo Lucero, Prof. Eduardo Carelli, Dr. Jose Luis Miolano, Lic. Leonardo Drazic, Ing. Osvaldo Estevez, Ing. Marcelo Bellini, Lic. Carina Perez, Lic. Yesica Flores, Arq. Carlos Herrera, Arq. Guillermo Velazco, Arq. Alejandro Alvarez, Lic. \u00c1ngel Pinto, Lic. Oscar Quintero, Lic. Marcelo Chancay,\u00a0Dra. Natalia N\u00fa\u00f1ez, Dra. Rosa Rodr\u00edguez, Mario Guti\u00e9rrez, Ricardo Romari\u00f3n y contin\u00faan las firmas.\u00a0<\/strong><\/p>\n","protected":false},"excerpt":{"rendered":"<p>En virtud de la resoluci\u00f3n emitida por la C\u00e1mara Federal de Mendoza Sala A, que determin\u00f3\u00a0la suspensi\u00f3n del acto electoral<\/p>\n","protected":false},"author":3,"featured_media":38612,"comment_status":"closed","ping_status":"closed","sticky":false,"template":"","format":"standard","meta":{"_acf_changed":false,"_seopress_robots_primary_cat":"none","_seopress_titles_title":"","_seopress_titles_desc":"","_seopress_robots_index":"","colormag_page_container_layout":"default_layout","colormag_page_sidebar_layout":"default_layout","footnotes":""},"categories":[10],"tags":[],"class_list":["post-38683","post","type-post","status-publish","format-standard","has-post-thumbnail","hentry","category-opiniones"],"acf":[],"_links":{"self":[{"href":"https:\/\/vocesparalelas.com.ar\/sitio\/wp-json\/wp\/v2\/posts\/38683","targetHints":{"allow":["GET"]}}],"collection":[{"href":"https:\/\/vocesparalelas.com.ar\/sitio\/wp-json\/wp\/v2\/posts"}],"about":[{"href":"https:\/\/vocesparalelas.com.ar\/sitio\/wp-json\/wp\/v2\/types\/post"}],"author":[{"embeddable":true,"href":"https:\/\/vocesparalelas.com.ar\/sitio\/wp-json\/wp\/v2\/users\/3"}],"replies":[{"embeddable":true,"href":"https:\/\/vocesparalelas.com.ar\/sitio\/wp-json\/wp\/v2\/comments?post=38683"}],"version-history":[{"count":1,"href":"https:\/\/vocesparalelas.com.ar\/sitio\/wp-json\/wp\/v2\/posts\/38683\/revisions"}],"predecessor-version":[{"id":38685,"href":"https:\/\/vocesparalelas.com.ar\/sitio\/wp-json\/wp\/v2\/posts\/38683\/revisions\/38685"}],"wp:featuredmedia":[{"embeddable":true,"href":"https:\/\/vocesparalelas.com.ar\/sitio\/wp-json\/wp\/v2\/media\/38612"}],"wp:attachment":[{"href":"https:\/\/vocesparalelas.com.ar\/sitio\/wp-json\/wp\/v2\/media?parent=38683"}],"wp:term":[{"taxonomy":"category","embeddable":true,"href":"https:\/\/vocesparalelas.com.ar\/sitio\/wp-json\/wp\/v2\/categories?post=38683"},{"taxonomy":"post_tag","embeddable":true,"href":"https:\/\/vocesparalelas.com.ar\/sitio\/wp-json\/wp\/v2\/tags?post=38683"}],"curies":[{"name":"wp","href":"https:\/\/api.w.org\/{rel}","templated":true}]}}