{"id":38677,"date":"2021-06-13T14:20:50","date_gmt":"2021-06-13T17:20:50","guid":{"rendered":"http:\/\/vocesparalelas.com.ar\/sitio\/?p=38677"},"modified":"2021-06-13T14:20:50","modified_gmt":"2021-06-13T17:20:50","slug":"459-aniversario-de-la-fundacion-de-san-juan","status":"publish","type":"post","link":"https:\/\/vocesparalelas.com.ar\/sitio\/459-aniversario-de-la-fundacion-de-san-juan\/","title":{"rendered":"459\u00b0 aniversario de la Fundaci\u00f3n de San Juan"},"content":{"rendered":"<p>El Domingo, 13 de Junio, la plaza Juan Jufr\u00e9, en Capital \u00a0de San Juan, fue escenario del homenaje de 459 a\u00f1os de la Fundaci\u00f3n de San Juan. El acto estuvo presidido por el gobernador Dr. Sergio U\u00f1ac, el vicegobernador, CPN Roberto Gattoni; el ministro de la Corte de Justicia de San Juan, Dr. Juan Jos\u00e9 Victoria; el intendente de la Capital, Dr. Emilio Baistrocchi; la diputada por Capital, Dra. Celina Ramella y concejales.<\/p>\n<p>Por segundo a\u00f1o consecutivo, el encuentro se llev\u00f3 a cabo sin desfile y respetando el protocolo sanitario dispuesto por la pandemia de COVID-19.<\/p>\n<p><img loading=\"lazy\" decoding=\"async\" class=\"alignnone wp-image-38680 size-full\" src=\"https:\/\/vocesparalelas.com.ar\/sitio\/wp-content\/uploads\/2021\/06\/JUAN-JUFRE-02.jpg\" alt=\"\" width=\"800\" height=\"800\" srcset=\"https:\/\/vocesparalelas.com.ar\/sitio\/wp-content\/uploads\/2021\/06\/JUAN-JUFRE-02.jpg 800w, https:\/\/vocesparalelas.com.ar\/sitio\/wp-content\/uploads\/2021\/06\/JUAN-JUFRE-02-300x300.jpg 300w, https:\/\/vocesparalelas.com.ar\/sitio\/wp-content\/uploads\/2021\/06\/JUAN-JUFRE-02-150x150.jpg 150w, https:\/\/vocesparalelas.com.ar\/sitio\/wp-content\/uploads\/2021\/06\/JUAN-JUFRE-02-768x768.jpg 768w\" sizes=\"auto, (max-width: 800px) 100vw, 800px\" \/><\/p>\n<p>Durante el homenaje, el gobernador Dr. Sergio U\u00f1ac destac\u00f3 que \u00abestamos en la plaza Juan Jufr\u00e9 festejando el 459 aniversario de la Fundaci\u00f3n de la provincia de San Juan. Muy contento, aprovechando este momento de homenaje para saludar a todos los sanjuaninos, que sigamos con ese esp\u00edritu de transformaci\u00f3n, construyendo esa provincia que todos nos merecemos. Un abrazo grande para todos, feliz aniversario\u201d.<\/p>\n<p>Como es tradici\u00f3n, el gobernador U\u00f1ac coloc\u00f3 una ofrenda de laureles en el monumento del fundador de San Juan, Juan Jufr\u00e9. Y en este marco, se entonaron las estrofas del Himno Nacional.<\/p>\n<p>&nbsp;<\/p>\n<p><iframe loading=\"lazy\" title=\"ANIVERSARIO 459 DE LA FUNDACI\u00d3N DE SAN JUAN\" width=\"800\" height=\"450\" src=\"https:\/\/www.youtube.com\/embed\/-xT79KkYS30?feature=oembed\" frameborder=\"0\" allow=\"accelerometer; autoplay; clipboard-write; encrypted-media; gyroscope; picture-in-picture\" allowfullscreen><\/iframe><\/p>\n","protected":false},"excerpt":{"rendered":"<p>El Domingo, 13 de Junio, la plaza Juan Jufr\u00e9, en Capital \u00a0de San Juan, fue escenario del homenaje de 459<\/p>\n","protected":false},"author":3,"featured_media":38679,"comment_status":"closed","ping_status":"closed","sticky":false,"template":"","format":"video","meta":{"_acf_changed":false,"_seopress_robots_primary_cat":"none","_seopress_titles_title":"","_seopress_titles_desc":"","_seopress_robots_index":"","colormag_page_container_layout":"default_layout","colormag_page_sidebar_layout":"default_layout","footnotes":""},"categories":[1,7],"tags":[],"class_list":["post-38677","post","type-post","status-publish","format-video","has-post-thumbnail","hentry","category-destacadas","category-videos","post_format-post-format-video"],"acf":[],"_links":{"self":[{"href":"https:\/\/vocesparalelas.com.ar\/sitio\/wp-json\/wp\/v2\/posts\/38677","targetHints":{"allow":["GET"]}}],"collection":[{"href":"https:\/\/vocesparalelas.com.ar\/sitio\/wp-json\/wp\/v2\/posts"}],"about":[{"href":"https:\/\/vocesparalelas.com.ar\/sitio\/wp-json\/wp\/v2\/types\/post"}],"author":[{"embeddable":true,"href":"https:\/\/vocesparalelas.com.ar\/sitio\/wp-json\/wp\/v2\/users\/3"}],"replies":[{"embeddable":true,"href":"https:\/\/vocesparalelas.com.ar\/sitio\/wp-json\/wp\/v2\/comments?post=38677"}],"version-history":[{"count":1,"href":"https:\/\/vocesparalelas.com.ar\/sitio\/wp-json\/wp\/v2\/posts\/38677\/revisions"}],"predecessor-version":[{"id":38681,"href":"https:\/\/vocesparalelas.com.ar\/sitio\/wp-json\/wp\/v2\/posts\/38677\/revisions\/38681"}],"wp:featuredmedia":[{"embeddable":true,"href":"https:\/\/vocesparalelas.com.ar\/sitio\/wp-json\/wp\/v2\/media\/38679"}],"wp:attachment":[{"href":"https:\/\/vocesparalelas.com.ar\/sitio\/wp-json\/wp\/v2\/media?parent=38677"}],"wp:term":[{"taxonomy":"category","embeddable":true,"href":"https:\/\/vocesparalelas.com.ar\/sitio\/wp-json\/wp\/v2\/categories?post=38677"},{"taxonomy":"post_tag","embeddable":true,"href":"https:\/\/vocesparalelas.com.ar\/sitio\/wp-json\/wp\/v2\/tags?post=38677"}],"curies":[{"name":"wp","href":"https:\/\/api.w.org\/{rel}","templated":true}]}}