{"id":38667,"date":"2021-06-12T21:08:49","date_gmt":"2021-06-13T00:08:49","guid":{"rendered":"http:\/\/vocesparalelas.com.ar\/sitio\/?p=38667"},"modified":"2021-06-14T22:10:44","modified_gmt":"2021-06-15T01:10:44","slug":"grupos-que-pueden-recibir-la-vacunacion-por-demanda-espontanea-en-san-juan","status":"publish","type":"post","link":"https:\/\/vocesparalelas.com.ar\/sitio\/grupos-que-pueden-recibir-la-vacunacion-por-demanda-espontanea-en-san-juan\/","title":{"rendered":"Grupos que pueden recibir la Vacunaci\u00f3n por demanda espont\u00e1nea en San Juan"},"content":{"rendered":"<p>El Ministerio de Salud P\u00fablica del Gobierno de San Juan, con el prop\u00f3sito de seguir avanzando en el Plan Provincial de Vacunaci\u00f3n, informa los grupos que pueden asistir por demanda espont\u00e1nea y que anteriormente se deb\u00edan inscribir en la plataforma, siempre cumpliendo con los requisitos establecidos en cada uno de los grupos.<\/p>\n<p><strong><span style=\"color: #ff0000;\">Los grupos\u00a0<\/span><\/strong><\/p>\n<p><strong><span style=\"color: #ff0000;\">Colocaci\u00f3n de la 1\u00ba dosis<\/span><\/strong><\/p>\n<p>Docentes de escuela secundaria, porteros, docentes auxiliares, docentes universitarios y no universitarios, que deben colocarse la primera dosis.<\/p>\n<p><span style=\"color: #ff0000;\"><strong>Requisitos:<\/strong><\/span><\/p>\n<ul>\n<li>Llevar DNI<\/li>\n<li>Certificado de la instituci\u00f3n educativa donde cumplen funciones.<\/li>\n<li>Sin s\u00edntomas.<\/li>\n<\/ul>\n<p><span style=\"color: #ff0000;\"><strong>Mayores de 60, 70 y 80 a\u00f1os para colocarse la primera dosis<\/strong><\/span><\/p>\n<p><strong><span style=\"color: #ff0000;\">Requisitos:<\/span><\/strong><\/p>\n<ul>\n<li>Llevar DNI<\/li>\n<li>Sin s\u00edntomas<\/li>\n<\/ul>\n<p><span style=\"color: #ff0000;\"><strong>Colocaci\u00f3n de la 2\u00ba dosis &#8211; por el momento solamente Sinopharm y AstraZeneca (Covishield)<\/strong><\/span><\/p>\n<p><span style=\"color: #ff0000;\"><strong>Mayores de 60,70 y 80 a\u00f1os<\/strong><\/span><\/p>\n<ul>\n<li>Segundas dosis de Sinopharm<\/li>\n<li>Segundas dosis de AstraZeneca (Covishield) deben esperar un intervalo de 8 semanas para colocarse la segunda dosis.<\/li>\n<\/ul>\n<p><strong><span style=\"color: #ff0000;\">Requisitos:<\/span><\/strong><\/p>\n<ul>\n<li>Llevar DNI.<\/li>\n<li>Carnet de vacunaci\u00f3n de la colocaci\u00f3n de la 1 dosis<\/li>\n<li>Sin s\u00edntomas.<\/li>\n<\/ul>\n<p>&nbsp;<\/p>\n<p><img loading=\"lazy\" decoding=\"async\" class=\"wp-image-38669 size-full aligncenter\" src=\"https:\/\/vocesparalelas.com.ar\/sitio\/wp-content\/uploads\/2021\/06\/vaca-60.jpg\" alt=\"\" width=\"508\" height=\"800\" \/><\/p>\n","protected":false},"excerpt":{"rendered":"<p>El Ministerio de Salud P\u00fablica del Gobierno de San Juan, con el prop\u00f3sito de seguir avanzando en el Plan Provincial<\/p>\n","protected":false},"author":3,"featured_media":37498,"comment_status":"closed","ping_status":"closed","sticky":false,"template":"","format":"standard","meta":{"_acf_changed":false,"_seopress_robots_primary_cat":"none","_seopress_titles_title":"","_seopress_titles_desc":"","_seopress_robots_index":"","colormag_page_container_layout":"default_layout","colormag_page_sidebar_layout":"default_layout","footnotes":""},"categories":[6],"tags":[],"class_list":["post-38667","post","type-post","status-publish","format-standard","has-post-thumbnail","hentry","category-eventos"],"acf":[],"_links":{"self":[{"href":"https:\/\/vocesparalelas.com.ar\/sitio\/wp-json\/wp\/v2\/posts\/38667","targetHints":{"allow":["GET"]}}],"collection":[{"href":"https:\/\/vocesparalelas.com.ar\/sitio\/wp-json\/wp\/v2\/posts"}],"about":[{"href":"https:\/\/vocesparalelas.com.ar\/sitio\/wp-json\/wp\/v2\/types\/post"}],"author":[{"embeddable":true,"href":"https:\/\/vocesparalelas.com.ar\/sitio\/wp-json\/wp\/v2\/users\/3"}],"replies":[{"embeddable":true,"href":"https:\/\/vocesparalelas.com.ar\/sitio\/wp-json\/wp\/v2\/comments?post=38667"}],"version-history":[{"count":1,"href":"https:\/\/vocesparalelas.com.ar\/sitio\/wp-json\/wp\/v2\/posts\/38667\/revisions"}],"predecessor-version":[{"id":38670,"href":"https:\/\/vocesparalelas.com.ar\/sitio\/wp-json\/wp\/v2\/posts\/38667\/revisions\/38670"}],"wp:featuredmedia":[{"embeddable":true,"href":"https:\/\/vocesparalelas.com.ar\/sitio\/wp-json\/wp\/v2\/media\/37498"}],"wp:attachment":[{"href":"https:\/\/vocesparalelas.com.ar\/sitio\/wp-json\/wp\/v2\/media?parent=38667"}],"wp:term":[{"taxonomy":"category","embeddable":true,"href":"https:\/\/vocesparalelas.com.ar\/sitio\/wp-json\/wp\/v2\/categories?post=38667"},{"taxonomy":"post_tag","embeddable":true,"href":"https:\/\/vocesparalelas.com.ar\/sitio\/wp-json\/wp\/v2\/tags?post=38667"}],"curies":[{"name":"wp","href":"https:\/\/api.w.org\/{rel}","templated":true}]}}