{"id":38662,"date":"2021-06-12T20:11:05","date_gmt":"2021-06-12T23:11:05","guid":{"rendered":"http:\/\/vocesparalelas.com.ar\/sitio\/?p=38662"},"modified":"2021-06-14T19:14:54","modified_gmt":"2021-06-14T22:14:54","slug":"la-promesa-a-la-bandera-argentina-se-realiza-bajo-estricto-protocolo-en-presencialidad-cuidada-voluntaria","status":"publish","type":"post","link":"https:\/\/vocesparalelas.com.ar\/sitio\/la-promesa-a-la-bandera-argentina-se-realiza-bajo-estricto-protocolo-en-presencialidad-cuidada-voluntaria\/","title":{"rendered":"La Promesa a la Bandera Argentina se realiza bajo estricto protocolo en presencialidad cuidada voluntaria"},"content":{"rendered":"<p>Al conmemorarse el Domingo, 20 de Junio el D\u00eda de la Bandera, ante la excpecionalidad originada por la pandemia del COVID-19, el gobernador de San Juan, Dr. Sergio U\u00f1ac y el ministro de Educaci\u00f3n, Lic. Felipe De Los R\u00edos, considerando que la Promesa de Lealtad es un acto significativo para los estudiantes y familias, en base al contexto y los protocolos sanitarios preventivos vigentes, establecieron la modalidad para el desarrollo del acto teniendo en cuenta los diferentes escenarios que tienen las instituciones educativas de San Juan bajo la presencialidad cuidada voluntaria bimodal y alternada.<\/p>\n<p>El acto de Promesa de Lealtad a la Bandera en la provincia de San Juan se desarrolla desde el 18 al 25 de Junio de 2021, teniendo en cuenta la matr\u00edcula de los estudiantes de 4\u00ba grado de Educaci\u00f3n Primaria, 2\u00ba Ciclo de la Modalidad Primario de Adultos y Educaci\u00f3n Especial.<\/p>\n<p>El n\u00famero de estudiantes define la cantidad de actos de Promesa de Lealtad a la Bandera, concret\u00e1ndose el primero el 18 de Junio, a las 10 horas, dando continuidad de ser necesario a otros actos seg\u00fan los agrupamientos de alumnos y espacios disponibles.<\/p>\n<p>La Direcci\u00f3n de la instituci\u00f3n escolar comunica a los padres\/ tutores o encargados de los estudiantes de: 4\u00ba grado de Educaci\u00f3n Primaria, 2\u00ba Ciclo de la Modalidad Primario de Adultos y Educaci\u00f3n Especial, la organizaci\u00f3n, tiempos y espacios para llevar a cabo el Acto de Promesa de Lealtad a la Bandera\u00a0Argentina, dando estricto cumplimiento a los protocolos vigentes.<\/p>\n<p>El estudiante bajo la modalidad no presencial, cuyos padres resuelvan la participaci\u00f3n de su hijo en el acto, deben confirmar su asistencia a las 72 horas previas al desarrollo.<\/p>\n<p>Pueden asistir exclusivamente hasta dos personas por familia del estudiante que realiza la Promesa, bajo estricto protocolo sanitario preventivo y respetando las disposiciones establecidas por las autoridades en cuanto desplazamiento y ubicaci\u00f3n en el interior de la instituci\u00f3n educativa.<\/p>\n<p>No hay ensayos previos, desfile o desplazamiento de estudiantes.<\/p>\n<p>No se entregan recordatorios, souvenirs, certificados, distinciones, medallas, entre otros. Tampoco se pueden realizar agasajos. Ni firmas de libros de ceremonia de las instituciones escolares.<\/p>\n<p>&nbsp;<\/p>\n<p><img loading=\"lazy\" decoding=\"async\" class=\"alignnone wp-image-1245 size-full\" src=\"https:\/\/vocesparalelas.com.ar\/sitio\/wp-content\/uploads\/2017\/05\/CASA-DE-GOBIERNO-01.jpg\" alt=\"\" width=\"800\" height=\"534\" srcset=\"https:\/\/vocesparalelas.com.ar\/sitio\/wp-content\/uploads\/2017\/05\/CASA-DE-GOBIERNO-01.jpg 800w, https:\/\/vocesparalelas.com.ar\/sitio\/wp-content\/uploads\/2017\/05\/CASA-DE-GOBIERNO-01-300x200.jpg 300w, https:\/\/vocesparalelas.com.ar\/sitio\/wp-content\/uploads\/2017\/05\/CASA-DE-GOBIERNO-01-768x513.jpg 768w\" sizes=\"auto, (max-width: 800px) 100vw, 800px\" \/><\/p>\n","protected":false},"excerpt":{"rendered":"<p>Al conmemorarse el Domingo, 20 de Junio el D\u00eda de la Bandera, ante la excpecionalidad originada por la pandemia del<\/p>\n","protected":false},"author":3,"featured_media":2138,"comment_status":"closed","ping_status":"closed","sticky":false,"template":"","format":"standard","meta":{"_acf_changed":false,"_seopress_robots_primary_cat":"none","_seopress_titles_title":"","_seopress_titles_desc":"","_seopress_robots_index":"","colormag_page_container_layout":"default_layout","colormag_page_sidebar_layout":"default_layout","footnotes":""},"categories":[5],"tags":[],"class_list":["post-38662","post","type-post","status-publish","format-standard","has-post-thumbnail","hentry","category-ofrecimientos"],"acf":[],"_links":{"self":[{"href":"https:\/\/vocesparalelas.com.ar\/sitio\/wp-json\/wp\/v2\/posts\/38662","targetHints":{"allow":["GET"]}}],"collection":[{"href":"https:\/\/vocesparalelas.com.ar\/sitio\/wp-json\/wp\/v2\/posts"}],"about":[{"href":"https:\/\/vocesparalelas.com.ar\/sitio\/wp-json\/wp\/v2\/types\/post"}],"author":[{"embeddable":true,"href":"https:\/\/vocesparalelas.com.ar\/sitio\/wp-json\/wp\/v2\/users\/3"}],"replies":[{"embeddable":true,"href":"https:\/\/vocesparalelas.com.ar\/sitio\/wp-json\/wp\/v2\/comments?post=38662"}],"version-history":[{"count":3,"href":"https:\/\/vocesparalelas.com.ar\/sitio\/wp-json\/wp\/v2\/posts\/38662\/revisions"}],"predecessor-version":[{"id":38666,"href":"https:\/\/vocesparalelas.com.ar\/sitio\/wp-json\/wp\/v2\/posts\/38662\/revisions\/38666"}],"wp:featuredmedia":[{"embeddable":true,"href":"https:\/\/vocesparalelas.com.ar\/sitio\/wp-json\/wp\/v2\/media\/2138"}],"wp:attachment":[{"href":"https:\/\/vocesparalelas.com.ar\/sitio\/wp-json\/wp\/v2\/media?parent=38662"}],"wp:term":[{"taxonomy":"category","embeddable":true,"href":"https:\/\/vocesparalelas.com.ar\/sitio\/wp-json\/wp\/v2\/categories?post=38662"},{"taxonomy":"post_tag","embeddable":true,"href":"https:\/\/vocesparalelas.com.ar\/sitio\/wp-json\/wp\/v2\/tags?post=38662"}],"curies":[{"name":"wp","href":"https:\/\/api.w.org\/{rel}","templated":true}]}}