{"id":38656,"date":"2021-06-11T21:45:17","date_gmt":"2021-06-12T00:45:17","guid":{"rendered":"http:\/\/vocesparalelas.com.ar\/sitio\/?p=38656"},"modified":"2021-06-13T22:12:59","modified_gmt":"2021-06-14T01:12:59","slug":"concurso-conociendo-mas-nuestro-ambiente","status":"publish","type":"post","link":"https:\/\/vocesparalelas.com.ar\/sitio\/concurso-conociendo-mas-nuestro-ambiente\/","title":{"rendered":"Concurso \u201cConociendo m\u00e1s nuestro ambiente\u201d"},"content":{"rendered":"<p class=\"normal\"><span lang=\"es\">La Biblioteca Ambiental Virtual es una herramienta a disposici\u00f3n de todos los sanjuaninos para buscar informaci\u00f3n y contenidos relacionados al ambiente y sus diversas aristas. Es por ello que la Direcci\u00f3n de Educaci\u00f3n Ambiental, perteneciente a la Secretar\u00eda de Estado de Ambiente y Desarrollo Sustentable, organiza el concurso \u201cConociendo m\u00e1s nuestro Ambiente\u201d.<br \/>\n<\/span><\/p>\n<p class=\"normal\"><span lang=\"es\">El objetivo del mismo es la difusi\u00f3n de la p\u00e1gina de la Biblioteca Ambiental Virtual y dar a conocer los recursos educativos que ofrece.<br \/>\n<\/span><\/p>\n<p class=\"normal\"><span lang=\"es\">El concurso consiste en ingresar al sitio de la Biblioteca Ambiental Virtual<\/span><\/p>\n<p><a href=\"https:\/\/web.sanjuan.gob.ar\/bibliotecaambiental\/\">https:\/\/web.sanjuan.gob.ar\/bibliotecaambiental\/<\/a><\/p>\n<p class=\"normal\"><span lang=\"es\">visitar las secciones para conocer todo su contenido, observar los ecotips, ingresar al formulario del concurso, completarlo y enviarlo. Las inscripciones se encuentran abiertas y lo estar\u00e1n hasta el 30 de junio.<br \/>\n<\/span><\/p>\n<p class=\"normal\"><span lang=\"es\">Una vez finalizada la fecha del concurso, se proceder\u00e1 a una selecci\u00f3n al azar de 20 participantes entre los inscriptos como ganadores del concurso. Los premios a sortearse ser\u00e1n 10 especies arb\u00f3reas ornamentales nativas y 10 pendrives y revistas con material educativo ambiental.<\/span><\/p>\n<p>&nbsp;<\/p>\n<p>&nbsp;<\/p>\n<p>&nbsp;<\/p>\n","protected":false},"excerpt":{"rendered":"<p>La Biblioteca Ambiental Virtual es una herramienta a disposici\u00f3n de todos los sanjuaninos para buscar informaci\u00f3n y contenidos relacionados al<\/p>\n","protected":false},"author":3,"featured_media":38658,"comment_status":"closed","ping_status":"closed","sticky":false,"template":"","format":"standard","meta":{"_acf_changed":false,"_seopress_robots_primary_cat":"none","_seopress_titles_title":"","_seopress_titles_desc":"","_seopress_robots_index":"","colormag_page_container_layout":"default_layout","colormag_page_sidebar_layout":"default_layout","footnotes":""},"categories":[8],"tags":[],"class_list":["post-38656","post","type-post","status-publish","format-standard","has-post-thumbnail","hentry","category-concursos"],"acf":[],"_links":{"self":[{"href":"https:\/\/vocesparalelas.com.ar\/sitio\/wp-json\/wp\/v2\/posts\/38656","targetHints":{"allow":["GET"]}}],"collection":[{"href":"https:\/\/vocesparalelas.com.ar\/sitio\/wp-json\/wp\/v2\/posts"}],"about":[{"href":"https:\/\/vocesparalelas.com.ar\/sitio\/wp-json\/wp\/v2\/types\/post"}],"author":[{"embeddable":true,"href":"https:\/\/vocesparalelas.com.ar\/sitio\/wp-json\/wp\/v2\/users\/3"}],"replies":[{"embeddable":true,"href":"https:\/\/vocesparalelas.com.ar\/sitio\/wp-json\/wp\/v2\/comments?post=38656"}],"version-history":[{"count":1,"href":"https:\/\/vocesparalelas.com.ar\/sitio\/wp-json\/wp\/v2\/posts\/38656\/revisions"}],"predecessor-version":[{"id":38659,"href":"https:\/\/vocesparalelas.com.ar\/sitio\/wp-json\/wp\/v2\/posts\/38656\/revisions\/38659"}],"wp:featuredmedia":[{"embeddable":true,"href":"https:\/\/vocesparalelas.com.ar\/sitio\/wp-json\/wp\/v2\/media\/38658"}],"wp:attachment":[{"href":"https:\/\/vocesparalelas.com.ar\/sitio\/wp-json\/wp\/v2\/media?parent=38656"}],"wp:term":[{"taxonomy":"category","embeddable":true,"href":"https:\/\/vocesparalelas.com.ar\/sitio\/wp-json\/wp\/v2\/categories?post=38656"},{"taxonomy":"post_tag","embeddable":true,"href":"https:\/\/vocesparalelas.com.ar\/sitio\/wp-json\/wp\/v2\/tags?post=38656"}],"curies":[{"name":"wp","href":"https:\/\/api.w.org\/{rel}","templated":true}]}}