{"id":38648,"date":"2021-06-11T22:34:48","date_gmt":"2021-06-12T01:34:48","guid":{"rendered":"http:\/\/vocesparalelas.com.ar\/sitio\/?p=38648"},"modified":"2021-06-12T00:42:27","modified_gmt":"2021-06-12T03:42:27","slug":"san-juan-adhirio-al-programa-nacional-e-intensifica-su-lucha-contra-el-trabajo-infantil","status":"publish","type":"post","link":"https:\/\/vocesparalelas.com.ar\/sitio\/san-juan-adhirio-al-programa-nacional-e-intensifica-su-lucha-contra-el-trabajo-infantil\/","title":{"rendered":"San Juan adhiri\u00f3 al Programa Nacional e intensifica su lucha contra el trabajo infantil"},"content":{"rendered":"<p>En sala Rogelio Cerdera de Casa de Gobierno, el gobernador de San Juan, Dr. Sergio U\u00f1ac, llev\u00f3 a cabo la firma de convenios de adhesi\u00f3n al programa Buena Cosecha del Ministro de Trabajo, Empleo y Seguridad Social de la Naci\u00f3n. El mismo promueve la creaci\u00f3n de Centros Socio-Educativos Rurales (CSER), destinados a contener a los hijos menores de 16 a\u00f1os de los trabajadores rurales de temporada migrantes durante los meses de la cosecha de la vid y otros frutales.<\/p>\n<p>La actividad presidida por el ministro de Trabajo, Claudio Moroni, se desarroll\u00f3 de manera virtual y cont\u00f3 con la presencia de autoridades nacionales y de las provincias de Buenos Aires, Salta y Mendoza.<\/p>\n<p>Mediante este convenio firmado se trabajar\u00e1 de manera asociada entre el Gobierno nacional, provincial y municipal, sindicatos y empresas a fin de erradicar el trabajo infantil.<\/p>\n<p>De esta manera se fomenta la creaci\u00f3n de jardines maternales y espacios de contenci\u00f3n para ni\u00f1os y adolescentes, adem\u00e1s de fortalecer los ya existentes. Las acciones que se financian son a demanda de los actores locales y pueden variar seg\u00fan lo acordado con la provincia que ejecute el programa.<\/p>\n<p>Durante la reuni\u00f3n virtual, U\u00f1ac puso en valor el trabajo desarrollado por la Provincia de San Juan en materia de ni\u00f1ez y destac\u00f3 que \u201cesta firma de convenios le da un impulso muy particular y que en este caso podamos firmar este aporte para 40 Jardines de Cosecha, los cuales est\u00e1n distribuidos en los 19 departamentos de la provincia, es muy importante\u201d.<\/p>\n<p>En ese sentido, el mandatario provincial explic\u00f3 que San Juan cuenta con una gran poblaci\u00f3n vinculada al trabajo agrario de manera permanente formal y que esa capacidad se triplica durante los meses de cosecha vinculados al trabajo vitivin\u00edcola, hort\u00edcola, oliv\u00edcola.<\/p>\n<p>Luego destac\u00f3, en el marco de la pr\u00f3xima conmemoraci\u00f3n del D\u00eda Mundial contra el Trabajo Infantil, que \u00aben San Juan cuando llegaban las temporadas de cosechas muchas familias no ten\u00edan donde dejar en guarda a los peque\u00f1os; esta situaci\u00f3n cambi\u00f3 con la creaci\u00f3n de los Jardines de Cosecha, los cuales se ver\u00e1n beneficiados con estos fondos, y los Centros de Desarrollo Infantil\u00bb.<\/p>\n<p>Siguiendo en la misma l\u00ednea, el gobernador afirm\u00f3 que \u201cdesde el Gobierno tenemos que promocionar este tipo de actividades que permitan viabilizar que la mam\u00e1 y el pap\u00e1 pueden trabajar y que el chico pueda cumplir con todos los derechos que lo asisten\u201d.<\/p>\n<p>A su turno, el ministro Moroni destac\u00f3 el trabajo que lleva adelante el Gobierno nacional y las provincias, con el fin de combatir el trabajo infantil: \u00abNo hay pol\u00edticas p\u00fablicas que se puedan llevar adelante sin autoridades del territorio\u00bb, asegur\u00f3.<\/p>\n<p>Respecto al programa explic\u00f3 que \u00abdio muy buenos resultados. El objetivo es que las familias se inserten a trav\u00e9s del trabajo y adem\u00e1s proteger el derecho de los chicos. Estos espacios permiten que los chicos puedan cumplir con su parte l\u00fadica y de ense\u00f1anza mientras los padres trabajan\u00bb.<\/p>\n<p>En la ocasi\u00f3n acompa\u00f1aron al gobernador la ministra de Gobierno, Fabiola Aubone; el ministro de Desarrollo Humano y Promoci\u00f3n Social, Fabian Aballay; la jefa de la Agencia Territorial del Ministerio de Trabajo, Empleo y Seguridad de la Naci\u00f3n, Silvia P\u00e9rez; los intendentes de Albard\u00f3n, Jorge Palmero; de Angaco, Carlos Maza; de Calingasta, Jorge Casta\u00f1eda; de Capital, Emilio Baistrocchi; de Caucete, Romina Rosas; de Iglesia, Jorge Espejo; de J\u00e1chal, Miguel Angel Vega; de 9 de Julio, Gustavo N\u00fa\u00f1ez; de Pocito, Armando S\u00e1nchez; de Rawson, Rub\u00e9n Garc\u00eda; de Rivadavia, Fabi\u00e1n Mart\u00edn; de San Mart\u00edn, Cristian Andino; de Santa Luc\u00eda, Juan Jos\u00e9 Orrego; de Sarmiento, Mario Gustavo Mart\u00edn; de Ullum, Leopoldo Soler; de Valle F\u00e9rtil, Omar Ortiz; de 25 de Mayo, Juan Carlos Quiroga y de Zonda, Miguel \u00c1ngel Atampiz y la presidenta del Concejo Deliberante de Chimbas, Noelia Tortarolo.<\/p>\n<p><img loading=\"lazy\" decoding=\"async\" class=\"alignnone wp-image-38650 size-full\" src=\"https:\/\/vocesparalelas.com.ar\/sitio\/wp-content\/uploads\/2021\/06\/JARDINES-COSECHA-01.jpg\" alt=\"\" width=\"800\" height=\"533\" srcset=\"https:\/\/vocesparalelas.com.ar\/sitio\/wp-content\/uploads\/2021\/06\/JARDINES-COSECHA-01.jpg 800w, https:\/\/vocesparalelas.com.ar\/sitio\/wp-content\/uploads\/2021\/06\/JARDINES-COSECHA-01-300x200.jpg 300w, https:\/\/vocesparalelas.com.ar\/sitio\/wp-content\/uploads\/2021\/06\/JARDINES-COSECHA-01-768x512.jpg 768w\" sizes=\"auto, (max-width: 800px) 100vw, 800px\" \/><\/p>\n<p>Adem\u00e1s, de manera virtual estuvieron presentes la ministra de Trabajo de la Provincia de Buenos Aires, Mara Ruiz; el subsecretario de Promoci\u00f3n del Empleo de la Naci\u00f3n, Esteban Bogani; la subsecretaria de Pol\u00edticas de Inclusi\u00f3n en el Mundo Laboral, Pamela Ares; el presidente de la C\u00e1mara del Tabaco de la provincia de Salta, Esteban Amat; la senadora por Mendoza, Anabel Fern\u00e1ndez Sagasti y la presidenta del Consejo Nacional de Pol\u00edticas Sociales, Victoria Tolosa Paz.<\/p>\n<p><iframe loading=\"lazy\" title=\"U\u00f1ac firm\u00f3 convenios de Adhesi\u00f3n al Programa Buena Cosecha con el ministro de Trabajo de Naci\u00f3n\" width=\"800\" height=\"450\" src=\"https:\/\/www.youtube.com\/embed\/xwVvVfZ6igE?feature=oembed\" frameborder=\"0\" allow=\"accelerometer; autoplay; clipboard-write; encrypted-media; gyroscope; picture-in-picture\" allowfullscreen><\/iframe><\/p>\n<p>&nbsp;<\/p>\n<p>&nbsp;<\/p>\n<p>&nbsp;<\/p>\n<p>&nbsp;<\/p>\n<p>&nbsp;<\/p>\n","protected":false},"excerpt":{"rendered":"<p>En sala Rogelio Cerdera de Casa de Gobierno, el gobernador de San Juan, Dr. Sergio U\u00f1ac, llev\u00f3 a cabo la<\/p>\n","protected":false},"author":3,"featured_media":38651,"comment_status":"closed","ping_status":"closed","sticky":false,"template":"","format":"video","meta":{"_acf_changed":false,"_seopress_robots_primary_cat":"none","_seopress_titles_title":"","_seopress_titles_desc":"","_seopress_robots_index":"","colormag_page_container_layout":"default_layout","colormag_page_sidebar_layout":"default_layout","footnotes":""},"categories":[1,7],"tags":[],"class_list":["post-38648","post","type-post","status-publish","format-video","has-post-thumbnail","hentry","category-destacadas","category-videos","post_format-post-format-video"],"acf":[],"_links":{"self":[{"href":"https:\/\/vocesparalelas.com.ar\/sitio\/wp-json\/wp\/v2\/posts\/38648","targetHints":{"allow":["GET"]}}],"collection":[{"href":"https:\/\/vocesparalelas.com.ar\/sitio\/wp-json\/wp\/v2\/posts"}],"about":[{"href":"https:\/\/vocesparalelas.com.ar\/sitio\/wp-json\/wp\/v2\/types\/post"}],"author":[{"embeddable":true,"href":"https:\/\/vocesparalelas.com.ar\/sitio\/wp-json\/wp\/v2\/users\/3"}],"replies":[{"embeddable":true,"href":"https:\/\/vocesparalelas.com.ar\/sitio\/wp-json\/wp\/v2\/comments?post=38648"}],"version-history":[{"count":3,"href":"https:\/\/vocesparalelas.com.ar\/sitio\/wp-json\/wp\/v2\/posts\/38648\/revisions"}],"predecessor-version":[{"id":38655,"href":"https:\/\/vocesparalelas.com.ar\/sitio\/wp-json\/wp\/v2\/posts\/38648\/revisions\/38655"}],"wp:featuredmedia":[{"embeddable":true,"href":"https:\/\/vocesparalelas.com.ar\/sitio\/wp-json\/wp\/v2\/media\/38651"}],"wp:attachment":[{"href":"https:\/\/vocesparalelas.com.ar\/sitio\/wp-json\/wp\/v2\/media?parent=38648"}],"wp:term":[{"taxonomy":"category","embeddable":true,"href":"https:\/\/vocesparalelas.com.ar\/sitio\/wp-json\/wp\/v2\/categories?post=38648"},{"taxonomy":"post_tag","embeddable":true,"href":"https:\/\/vocesparalelas.com.ar\/sitio\/wp-json\/wp\/v2\/tags?post=38648"}],"curies":[{"name":"wp","href":"https:\/\/api.w.org\/{rel}","templated":true}]}}