{"id":38640,"date":"2021-06-11T23:32:28","date_gmt":"2021-06-12T02:32:28","guid":{"rendered":"http:\/\/vocesparalelas.com.ar\/sitio\/?p=38640"},"modified":"2021-06-13T23:30:17","modified_gmt":"2021-06-14T02:30:17","slug":"medidas-contra-el-covid-19-que-rigen-desde-el-12-al-25-de-junio-en-san-juan","status":"publish","type":"post","link":"https:\/\/vocesparalelas.com.ar\/sitio\/medidas-contra-el-covid-19-que-rigen-desde-el-12-al-25-de-junio-en-san-juan\/","title":{"rendered":"Medidas contra el COVID-19 que rigen desde el 12 al 25 de Junio en San Juan"},"content":{"rendered":"<p>Con el fin de priorizar acciones dirigidas a salvaguardar la salud de la poblaci\u00f3n, el Gobierno de San Juan emiti\u00f3 una serie de medidas para minimizar la propagaci\u00f3n del coronavirus, en consonancia con las disposiciones implementadas por el Ejecutivo nacional.<\/p>\n<p>Apelando a la responsabilidad social y la colaboraci\u00f3n de los sanjuaninos, las medidas dispuestas por el Ejecutivo provincial a trav\u00e9s del Decreto N\u00ba 0024\/2021 entrar\u00e1n en vigencia a partir de las 00:00 horas del 12 de junio hasta el 25 de junio, independientemente de dem\u00e1s normas y protocolos vigentes se dispone espec\u00edficamente que:<\/p>\n<p>\u2022 Se restringe la circulaci\u00f3n en todo el territorio de la Provincia: de lunes a s\u00e1bado en horario de 00:00 a 06:00 horas, y los d\u00edas domingo en horario de 18:00 hs. hasta las 06:00 horas del lunes siguiente, salvo personas debidamente exceptuadas.<\/p>\n<p>\u2022 Se mantiene en los establecimientos educativos de todos los niveles y modalidades del Sistema Educativo Provincial, la educaci\u00f3n presencial, cuidada y voluntaria.<\/p>\n<p>\u2022 El transporte p\u00fablico contin\u00faa habilitado solo para pasajeros sentados, y con ventanillas abiertas favoreciendo la circulaci\u00f3n cruzada.<\/p>\n<p>\u2022 La Administraci\u00f3n P\u00fablica funcionar\u00e1 en horario de 8 a 19 hs. El personal incluido deber\u00e1 ser dispuesto en grupos separados por 1 hora para concretar la correcta limpieza.<\/p>\n<p>\u2022 Los servicios f\u00fanebres de personas no fallecidas por COVID-19 deber\u00e1n realizarse de lunes a domingo de 8 a 20 hs., con un m\u00e1ximo 5 personas pertenecientes al c\u00edrculo \u00edntimo y con una duraci\u00f3n m\u00e1xima de hasta 5 hs.<\/p>\n<p>\u2022 Se autoriza la obra p\u00fablica y la privada que se encuentre debidamente registrada, de lunes a s\u00e1bado, en horario de 8 a 19 hs.<\/p>\n<p>\u2022 Se suspenden todo tipo de celebraciones de culto comunitarias, a excepci\u00f3n de la celebraci\u00f3n m\u00e1s importante de cada culto. Solo se permite la asistencia: hasta 30% de capacidad o hasta 90 personas como m\u00e1ximo (el que sea menor), respetando la distancia social de 2 metros entre personas, en horario de 8 a 21 hs. de lunes a s\u00e1bado, y de 8 a 17 hs. los domingos.<\/p>\n<p>\u2022 Supermercados, farmacias, ferreter\u00edas y el resto de comercios esenciales funcionar\u00e1n en horario de atenci\u00f3n de 9 a 20 hs., de lunes a s\u00e1bado, y en horario de 9 a 17 hs. los d\u00edas domingo, de manera continua o discontinua, con factor de ocupaci\u00f3n de hasta el 30% de capacidad, hasta 1 persona por grupo familiar.<\/p>\n<p>\u2022 Shoppings y galer\u00edas comerciales: habilitados de lunes a s\u00e1bado, de manera continua o discontinua, con horario de 9 a 20 hs., con factor de ocupaci\u00f3n de hasta el 30% de capacidad.<\/p>\n<p>\u2022 Resto de comercios: habilitados de lunes a s\u00e1bado, horario de atenci\u00f3n de 9 a 20 hs. de manera continua o discontinua, con factor de ocupaci\u00f3n de 30% de la capacidad, permitiendo el ingreso de 1 persona por grupo familiar.<\/p>\n<p>\u2022 Mercado Concentrador de Rawson y Capital: se permite el ingreso de 1 persona por grupo familiar. Habilitado de lunes a s\u00e1bado, en horario de 9 a 20 hs.<\/p>\n<p>\u2022 Restoranes, caf\u00e9s y bares: con factor de ocupaci\u00f3n de hasta el 30% de la capacidad, con 4 personas por mesa, con 2 metros de distancia entre mesas. Horarios autorizados:<\/p>\n<ul>\n<li>De lunes a s\u00e1bado, en horario de 7 a 23 hs. para ingreso de personas, 00 hs. cierre total.<\/li>\n<li>D\u00edas domingo: en horario de 7 a 17 hs. para ingreso de personas, 18 hs. cierre total. Podr\u00e1n realizar espect\u00e1culos art\u00edsticos, musicales o shows en vivo, respetando los protocolos vigentes y sin ning\u00fan tipo de baile.<\/li>\n<li>Cines y teatros: habilitados de lunes a s\u00e1bado, con horario de 9 a 20 hs., con factor de ocupaci\u00f3n de hasta el 30% de capacidad.<\/li>\n<li>Quedan habilitados los eventos gastron\u00f3micos: con un factor de ocupaci\u00f3n de hasta 30% de la capacidad o hasta 90 personas como m\u00e1ximo (el que sea menor), y respetando todos los protocolos vigentes.<\/li>\n<li>Las reuniones sociales no previstas en el punto anterior se encuentran prohibidas.<\/li>\n<li>Se encuentran habilitadas las reuniones familiares de hasta 8 personas en domicilios particulares.<\/li>\n<li>Industria: habilitada en horario de 8 a 19 hs., salvo aquellas de proceso continuo, con estricto cumplimiento de protocolo de funcionamiento.<\/li>\n<li>Habilitaci\u00f3n de pr\u00e1cticas deportivas de deportistas del Programa de Alto Rendimiento.<\/li>\n<li>Se habilita en clubes sociales, federados y amateurs, los entrenamientos de deportes hasta un m\u00e1ximo de 10 personas, por una hora, con desinfecci\u00f3n entre turnos. Deber\u00e1n mantener cerrados los vestuarios y duchas.<\/li>\n<li>Habilitaci\u00f3n de deportes recreativos al aire libre: de lunes a s\u00e1bado en horario de 9 a 20 hs., los d\u00edas domingo en horario de 9 a 17 hs., en espacios p\u00fablicos y circuitos establecidos, en grupos de no m\u00e1s de 2 personas.<\/li>\n<li>Habilitaci\u00f3n de pr\u00e1cticas deportivas de deportistas profesionales autorizados por resoluci\u00f3n del Ministerio de Turismo y Deportes de la Naci\u00f3n.<\/li>\n<li>Habilitaci\u00f3n de actividades deportivas comerciales, de lunes a s\u00e1bado, en horario de 9 a 20 hs., al 30% del factor ocupacional, con estricto protocolo y sin p\u00fablico.<\/li>\n<li>En ninguna actividad comercial deportiva se podr\u00e1n realizar competencias.<\/li>\n<li>Se habilita el turismo interno en todo el territorio de la provincia, dejando la potestad a cada intendente departamental para establecer la modalidad de implementaci\u00f3n, con estricto cumplimiento de los protocolos de prevenci\u00f3n de COVID-19 aplicables a la actividad tur\u00edstica.<\/li>\n<\/ul>\n<p>Se invita a los organismos de la Constituci\u00f3n, Poder Legislativo y Judicial y a los municipios a adherir al presente Decreto Acuerdo.<\/p>\n<p>Asimismo, se solicita a la ciudadan\u00eda en general cumplir y hacer observar las medidas y los protocolos, como tambi\u00e9n apela a la responsabilidad individual para evitar la suba de contagios y el colapso del sistema de salud.<\/p>\n<p>&nbsp;<\/p>\n","protected":false},"excerpt":{"rendered":"<p>Con el fin de priorizar acciones dirigidas a salvaguardar la salud de la poblaci\u00f3n, el Gobierno de San Juan emiti\u00f3<\/p>\n","protected":false},"author":3,"featured_media":1245,"comment_status":"closed","ping_status":"closed","sticky":false,"template":"","format":"standard","meta":{"_acf_changed":false,"_seopress_robots_primary_cat":"none","_seopress_titles_title":"","_seopress_titles_desc":"","_seopress_robots_index":"","colormag_page_container_layout":"default_layout","colormag_page_sidebar_layout":"default_layout","footnotes":""},"categories":[6],"tags":[],"class_list":["post-38640","post","type-post","status-publish","format-standard","has-post-thumbnail","hentry","category-eventos"],"acf":[],"_links":{"self":[{"href":"https:\/\/vocesparalelas.com.ar\/sitio\/wp-json\/wp\/v2\/posts\/38640","targetHints":{"allow":["GET"]}}],"collection":[{"href":"https:\/\/vocesparalelas.com.ar\/sitio\/wp-json\/wp\/v2\/posts"}],"about":[{"href":"https:\/\/vocesparalelas.com.ar\/sitio\/wp-json\/wp\/v2\/types\/post"}],"author":[{"embeddable":true,"href":"https:\/\/vocesparalelas.com.ar\/sitio\/wp-json\/wp\/v2\/users\/3"}],"replies":[{"embeddable":true,"href":"https:\/\/vocesparalelas.com.ar\/sitio\/wp-json\/wp\/v2\/comments?post=38640"}],"version-history":[{"count":2,"href":"https:\/\/vocesparalelas.com.ar\/sitio\/wp-json\/wp\/v2\/posts\/38640\/revisions"}],"predecessor-version":[{"id":38660,"href":"https:\/\/vocesparalelas.com.ar\/sitio\/wp-json\/wp\/v2\/posts\/38640\/revisions\/38660"}],"wp:featuredmedia":[{"embeddable":true,"href":"https:\/\/vocesparalelas.com.ar\/sitio\/wp-json\/wp\/v2\/media\/1245"}],"wp:attachment":[{"href":"https:\/\/vocesparalelas.com.ar\/sitio\/wp-json\/wp\/v2\/media?parent=38640"}],"wp:term":[{"taxonomy":"category","embeddable":true,"href":"https:\/\/vocesparalelas.com.ar\/sitio\/wp-json\/wp\/v2\/categories?post=38640"},{"taxonomy":"post_tag","embeddable":true,"href":"https:\/\/vocesparalelas.com.ar\/sitio\/wp-json\/wp\/v2\/tags?post=38640"}],"curies":[{"name":"wp","href":"https:\/\/api.w.org\/{rel}","templated":true}]}}